{"id":4989,"date":"2026-04-27T13:57:54","date_gmt":"2026-04-27T17:57:54","guid":{"rendered":"https:\/\/elviajero.com.do\/?p=4989"},"modified":"2026-04-27T14:00:50","modified_gmt":"2026-04-27T18:00:50","slug":"aeronave-belga-fue-atacada-a-tiros-cuando-transportaba-soldados-a-haiti-militares-aterrizaron-en-rd","status":"publish","type":"post","link":"https:\/\/elviajero.com.do\/index.php\/2026\/04\/27\/aeronave-belga-fue-atacada-a-tiros-cuando-transportaba-soldados-a-haiti-militares-aterrizaron-en-rd\/","title":{"rendered":"Aeronave belga fue atacada a tiros cuando transportaba soldados a Hait\u00ed; militares aterrizaron en RD"},"content":{"rendered":"<p>El pasado 25 de abril, el ministro de Defensa y Comercio Exterior de B\u00e9lgica, Theo Francken, escribi\u00f3 en una publicaci\u00f3n de su cuenta de X que un avi\u00f3n de su pa\u00eds fue atacado a tiros, sin especificar lugar y d\u00eda exacto de la situaci\u00f3n.<\/p>\n<p>El avi\u00f3n transportaba <strong>80 soldados de ese pa\u00eds que forman parte de la Fuerza de Supresi\u00f3n de Pandillas<\/strong> creada por las Naciones Unidas.<\/p>\n<p>\u201cEn el marco de una operaci\u00f3n de la ONU en Hait\u00ed, uno de nuestros <strong>A400M fue atacado a tiros. <\/strong>El avi\u00f3n pudo aterrizar con seguridad, afortunadamente, y la tripulaci\u00f3n tambi\u00e9n est\u00e1 a salvo y sana. @BelgiumDefence\u201d, escribi\u00f3.<\/p>\n<p>Medios de prensa de ese pa\u00eds se\u00f1alan que el avi\u00f3n sali\u00f3 desde Chad, pa\u00eds ubicado en \u00c1frica Central,<strong> aterriz\u00f3 en Rep\u00fablica Dominicana y luego sali\u00f3 hacia Puerto Pr\u00edncipe <\/strong>a dejar los soldados.<\/p>\n<p>\u201cLas Brussels Time\u201d se\u00f1alan que, al <strong>volver a suelo dominicano y realizar una inspecci\u00f3n<\/strong>, \u201cse <strong>encontraron orificios de bala en la cola<\/strong> y el motor de la aeronave. Los primeros hallazgos sugieren que el avi\u00f3n fue atacado justo antes de aterrizar en Puerto Pr\u00edncipe\u201d.<\/p>\n<p>El medio sostiene que <strong>realizaron reparaciones provisionales a la aeronave<\/strong>, la cual regres\u00f3 a su base en Melsbroek, B\u00e9lgica.<\/p>\n<p>Al buscar mayores detalles, una fuente de Aeropuertos Dominicanos Siglo XXI (Aerodom), expres\u00f3 <strong>que el hecho ocurri\u00f3 hace una semana.<\/strong><\/p>\n<p>El aterrizaje se realiz\u00f3 en el<strong> Aeropuerto Internacional de Las Am\u00e9ricas<\/strong>, Jos\u00e9 Francisco Pe\u00f1a G\u00f3mez.<\/p>\n<p>Hasta el momento, las autoridades <strong>dominicanas no han ofrecido detalles <\/strong>sobre este suceso.<\/p>\n<p>Se recuerda que el canciller dominicano, <strong>Roberto \u00c1lvarez, <\/strong>se reuni\u00f3 con el subsecretario general del Departamento de Apoyo Operacional de las Naciones Unidas, Atul Khare, para abordar el despliegue de la Fuerza de Supresi\u00f3n de Pandillas.<\/p>\n<p>En el encuentro se inform\u00f3 sobre las \u201cfacilidades\u201d que podr\u00edan brindarse desde la <strong>Rep\u00fablica Dominicana para apoyar a la Fuerza<\/strong>, como el tr\u00e1nsito de personal y equipos, servicios m\u00e9dicos y el establecimiento de un gabinete de apoyo para la Oficina de Apoyo de las Naciones Unidas en Hait\u00ed (Unsoh).<\/p>\n<p>&nbsp;<\/p>\n","protected":false},"excerpt":{"rendered":"<p>El pasado 25 de abril, el ministro de Defensa y Comercio Exterior de B\u00e9lgica, Theo&#8230;<\/p>\n","protected":false},"author":3,"featured_media":4992,"comment_status":"open","ping_status":"open","sticky":false,"template":"","format":"standard","meta":{"footnotes":""},"categories":[2,5],"tags":[],"class_list":["post-4989","post","type-post","status-publish","format-standard","has-post-thumbnail","hentry","category-nacionales","category-portada"],"_links":{"self":[{"href":"https:\/\/elviajero.com.do\/index.php\/wp-json\/wp\/v2\/posts\/4989","targetHints":{"allow":["GET"]}}],"collection":[{"href":"https:\/\/elviajero.com.do\/index.php\/wp-json\/wp\/v2\/posts"}],"about":[{"href":"https:\/\/elviajero.com.do\/index.php\/wp-json\/wp\/v2\/types\/post"}],"author":[{"embeddable":true,"href":"https:\/\/elviajero.com.do\/index.php\/wp-json\/wp\/v2\/users\/3"}],"replies":[{"embeddable":true,"href":"https:\/\/elviajero.com.do\/index.php\/wp-json\/wp\/v2\/comments?post=4989"}],"version-history":[{"count":1,"href":"https:\/\/elviajero.com.do\/index.php\/wp-json\/wp\/v2\/posts\/4989\/revisions"}],"predecessor-version":[{"id":4991,"href":"https:\/\/elviajero.com.do\/index.php\/wp-json\/wp\/v2\/posts\/4989\/revisions\/4991"}],"wp:featuredmedia":[{"embeddable":true,"href":"https:\/\/elviajero.com.do\/index.php\/wp-json\/wp\/v2\/media\/4992"}],"wp:attachment":[{"href":"https:\/\/elviajero.com.do\/index.php\/wp-json\/wp\/v2\/media?parent=4989"}],"wp:term":[{"taxonomy":"category","embeddable":true,"href":"https:\/\/elviajero.com.do\/index.php\/wp-json\/wp\/v2\/categories?post=4989"},{"taxonomy":"post_tag","embeddable":true,"href":"https:\/\/elviajero.com.do\/index.php\/wp-json\/wp\/v2\/tags?post=4989"}],"curies":[{"name":"wp","href":"https:\/\/api.w.org\/{rel}","templated":true}]}}