{"id":5002,"date":"2026-04-27T16:45:29","date_gmt":"2026-04-27T20:45:29","guid":{"rendered":"https:\/\/elviajero.com.do\/?p=5002"},"modified":"2026-04-27T16:47:16","modified_gmt":"2026-04-27T20:47:16","slug":"el-presidente-abinader-entrega-renovado-frente-costero-de-sosua-y-plaza-para-vendedores","status":"publish","type":"post","link":"https:\/\/elviajero.com.do\/index.php\/2026\/04\/27\/el-presidente-abinader-entrega-renovado-frente-costero-de-sosua-y-plaza-para-vendedores\/","title":{"rendered":"El Presidente Abinader entrega renovado frente costero de Sos\u00faa y plaza para vendedores"},"content":{"rendered":"<p>Sos\u00faa- Puerto Plata<\/p>\n<p>El presidente <strong>Luis Abinader<\/strong> y el ministro de Turismo, <strong>David Collado<\/strong>, encabezaron este lunes la inauguraci\u00f3n del proyecto de mejoramiento del frente costero de la playa de Sos\u00faa y su nueva plaza de vendedores, una obra que busca reorganizar la actividad comercial y dignificar las condiciones de trabajo de decenas de buhoneros.<\/p>\n<p>La intervenci\u00f3n, que implic\u00f3 una inversi\u00f3n de RD$ 568,010,779, pone fin a a\u00f1os de protestas por parte de vendedores que reclamaban <strong>espacios adecuados<\/strong> para ejercer sus labores en condiciones dignas.<\/p>\n<p>El proyecto incluye una moderna plaza con <strong>79 locales comerciales<\/strong> distribuidos en siete niveles de terrazas sobre una superficie de <strong>15,000 metros cuadrados<\/strong>. De estos, 57 est\u00e1n destinados a la preparaci\u00f3n y venta de alimentos, 16 a artesan\u00eda y regalos, adem\u00e1s de dos bares y cuatro quioscos.<\/p>\n<p><img loading=\"lazy\" decoding=\"async\" class=\"alignnone size-full wp-image-5004\" src=\"https:\/\/elviajero.com.do\/wp-content\/uploads\/2026\/04\/Diseno-sin-titulo-36.png\" alt=\"\" width=\"1300\" height=\"731\" srcset=\"https:\/\/elviajero.com.do\/wp-content\/uploads\/2026\/04\/Diseno-sin-titulo-36.png 1300w, https:\/\/elviajero.com.do\/wp-content\/uploads\/2026\/04\/Diseno-sin-titulo-36-300x169.png 300w, https:\/\/elviajero.com.do\/wp-content\/uploads\/2026\/04\/Diseno-sin-titulo-36-1024x576.png 1024w, https:\/\/elviajero.com.do\/wp-content\/uploads\/2026\/04\/Diseno-sin-titulo-36-768x432.png 768w, https:\/\/elviajero.com.do\/wp-content\/uploads\/2026\/04\/Diseno-sin-titulo-36-1280x720.png 1280w\" sizes=\"auto, (max-width: 1300px) 100vw, 1300px\" \/><\/p>\n<p>Durante el acto, el presidente Abinader explic\u00f3 que el proyecto entregado forma parte de un <strong>plan maestro<\/strong> orientado a reorganizar el espacio, dinamizar la econom\u00eda local y atraer un mayor flujo de visitantes.<\/p>\n<p>El<strong> jefe de Estado<\/strong> asegur\u00f3 que la intervenci\u00f3n permitir\u00e1 aumentar significativamente las ventas de los comerciantes y mejorar las condiciones del turismo en la zona.<\/p>\n<p>\"Vamos a traer m\u00e1s turistas, pero un <strong>turismo familiar<\/strong> y diverso, que beneficie a todos los sectores\", indic\u00f3.<\/p>\n<p>Asimismo, destac\u00f3 que la transformaci\u00f3n busca dejar atr\u00e1s problem\u00e1ticas que afectaron la imagen de Sos\u00faa durante a\u00f1os, incluyendo su vinculaci\u00f3n con el <strong>turismo sexual<\/strong>, para posicionarlo nuevamente como un <strong>destino seguro<\/strong> y atractivo.<\/p>\n<p>El gobernante tambi\u00e9n subray\u00f3 la importancia de proyectos complementarios como el desarrollo tur\u00edstico de <strong>Punta Bergant\u00edn<\/strong>, el cual dijo contribuir\u00e1 a atraer <strong>cadenas hoteleras<\/strong> internacionales y fortalecer la promoci\u00f3n del destino.<\/p>\n<p>El ministro explic\u00f3 que este tipo de proyectos busca garantizar que los beneficios del turismo lleguen a m\u00e1s sectores de la poblaci\u00f3n, especialmente a quienes por a\u00f1os han trabajado en las playas en <strong>condiciones precarias<\/strong>.<\/p>\n<p>\"Esta obra tiene un <strong>impacto extraordinario<\/strong> para turistas nacionales y extranjeros, pero sobre todo para los vendedores, que ahora cuentan con <strong>espacios adecuados<\/strong> y <strong>equipados<\/strong>\", expres\u00f3.<\/p>\n<p>La nueva infraestructura incluye adem\u00e1s <strong>parque comunitario<\/strong>, <strong>gimnasio al aire libre<\/strong>, <strong>ba\u00f1os p\u00fablicos<\/strong> y \u00e1reas de esparcimiento. Los locales fueron dotados de estufas, refrigeradores, extractores y fregaderos, as\u00ed como mobiliario exterior y sistemas de manejo de desechos.<\/p>\n<p>Representantes de los vendedores <strong>valoraron la obra<\/strong> y agradecieron al Gobierno, destacando la transparencia del<\/p>\n","protected":false},"excerpt":{"rendered":"<p>Sos\u00faa- Puerto Plata El presidente Luis Abinader y el ministro de Turismo, David Collado, encabezaron&#8230;<\/p>\n","protected":false},"author":3,"featured_media":5003,"comment_status":"open","ping_status":"open","sticky":false,"template":"","format":"standard","meta":{"footnotes":""},"categories":[5,3],"tags":[],"class_list":["post-5002","post","type-post","status-publish","format-standard","has-post-thumbnail","hentry","category-portada","category-turismo"],"_links":{"self":[{"href":"https:\/\/elviajero.com.do\/index.php\/wp-json\/wp\/v2\/posts\/5002","targetHints":{"allow":["GET"]}}],"collection":[{"href":"https:\/\/elviajero.com.do\/index.php\/wp-json\/wp\/v2\/posts"}],"about":[{"href":"https:\/\/elviajero.com.do\/index.php\/wp-json\/wp\/v2\/types\/post"}],"author":[{"embeddable":true,"href":"https:\/\/elviajero.com.do\/index.php\/wp-json\/wp\/v2\/users\/3"}],"replies":[{"embeddable":true,"href":"https:\/\/elviajero.com.do\/index.php\/wp-json\/wp\/v2\/comments?post=5002"}],"version-history":[{"count":2,"href":"https:\/\/elviajero.com.do\/index.php\/wp-json\/wp\/v2\/posts\/5002\/revisions"}],"predecessor-version":[{"id":5006,"href":"https:\/\/elviajero.com.do\/index.php\/wp-json\/wp\/v2\/posts\/5002\/revisions\/5006"}],"wp:featuredmedia":[{"embeddable":true,"href":"https:\/\/elviajero.com.do\/index.php\/wp-json\/wp\/v2\/media\/5003"}],"wp:attachment":[{"href":"https:\/\/elviajero.com.do\/index.php\/wp-json\/wp\/v2\/media?parent=5002"}],"wp:term":[{"taxonomy":"category","embeddable":true,"href":"https:\/\/elviajero.com.do\/index.php\/wp-json\/wp\/v2\/categories?post=5002"},{"taxonomy":"post_tag","embeddable":true,"href":"https:\/\/elviajero.com.do\/index.php\/wp-json\/wp\/v2\/tags?post=5002"}],"curies":[{"name":"wp","href":"https:\/\/api.w.org\/{rel}","templated":true}]}}