{"id":5013,"date":"2026-04-28T17:22:14","date_gmt":"2026-04-28T21:22:14","guid":{"rendered":"https:\/\/elviajero.com.do\/?p=5013"},"modified":"2026-04-28T17:22:24","modified_gmt":"2026-04-28T21:22:24","slug":"maria-elena-vazquez-destaca-libre-competencia-e-inversion-en-la-rd","status":"publish","type":"post","link":"https:\/\/elviajero.com.do\/index.php\/2026\/04\/28\/maria-elena-vazquez-destaca-libre-competencia-e-inversion-en-la-rd\/","title":{"rendered":"Mar\u00eda Elena V\u00e1zquez: Destaca Libre competencia e inversi\u00f3n en la RD"},"content":{"rendered":"<p>Nueva York.<\/p>\n<p>La Rep\u00fablica Dominicana fortalece su clima de inversi\u00f3n con garant\u00edas basadas en la libre competencia, la transparencia y reglas claras del mercado, afirm\u00f3 la presidenta de la Comisi\u00f3n Nacional de Defensa de la Competencia (PRO-COMPETENCIA), Mar\u00eda Elena V\u00e1squez Taveras.<\/p>\n<p>La declaraci\u00f3n fue ofrecida durante la conferencia magistral \u201cLibre competencia, inversi\u00f3n y futuro: garant\u00edas para emprender y prosperar en la Rep\u00fablica Dominicana\u201d, realizada ante una amplia audiencia de la comunidad dominicana en Nueva York.<\/p>\n<p>La actividad, pautada para la 1:00 de la tarde, se llev\u00f3 a cabo en los salones de conferencias de Alianza Dominicana (530 W 166th St, New York, NY 10032), e inici\u00f3 minutos m\u00e1s tarde debido a la considerable asistencia de p\u00fablico.<\/p>\n<p>El encuentro fue organizado por el Frente de Educadores Dominicanos en el Exterior (DEFEE NY) y Alianza Dominicana, con el prop\u00f3sito de promover espacios de an\u00e1lisis sobre desarrollo econ\u00f3mico, inversi\u00f3n y oportunidades para la di\u00e1spora dominicana.<\/p>\n<p>El evento estuvo encabezado por el c\u00f3nsul general de la Rep\u00fablica Dominicana en Nueva York, Jes\u00fas V\u00e1squez Mart\u00ednez, quien al ofrecer las palabras de bienvenida destac\u00f3 la importancia de generar espacios de reflexi\u00f3n sobre el desarrollo econ\u00f3mico del pa\u00eds y el papel de la di\u00e1spora en ese proceso.<\/p>\n<p>\u201cHoy nos convoca un tema esencial: c\u00f3mo construir un entorno donde las ideas y los sue\u00f1os puedan transformarse en oportunidades reales de crecimiento\u201d, expres\u00f3.<\/p>\n<p>El c\u00f3nsul explic\u00f3 que este tipo de iniciativas buscan fomentar el di\u00e1logo con la comunidad dominicana en el exterior, promoviendo el acceso a informaci\u00f3n \u00fatil sobre inversi\u00f3n y desarrollo.<\/p>\n<p>\u201cCada actividad que realizamos tiene un prop\u00f3sito claro: crear herramientas \u00fatiles y fortalecer ese puente vivo entre la Rep\u00fablica Dominicana y los dominicanos en Nueva York\u201d, afirm\u00f3.<\/p>\n<p>En su intervenci\u00f3n, Mar\u00eda Elena V\u00e1squez Taveras afirm\u00f3:<\/p>\n<p>\u201cEsta ciudad late con nuestra sangre. Casi un mill\u00f3n de dominicanos dan vida a Manhattan, Queens, el Bronx y Brooklyn. La di\u00e1spora dominicana no es una comunidad al margen de la historia dominicana; es parte esencial de ella\u201d.<\/p>\n<p>Al referirse al concepto de libre competencia, se\u00f1al\u00f3:<\/p>\n<p>\u201cLa libre y leal competencia no es un concepto t\u00e9cnico reservado a economistas; es una experiencia que todos hemos vivido. Es lo que ocurre cuando usted tiene opciones\u201d.<\/p>\n<p>Agreg\u00f3 adem\u00e1s:<\/p>\n<p>\u201cNinguna empresa puede dormirse en sus laureles. Su \u00fanico camino para retener clientes es mejorar\u201d.<\/p>\n<p>Sobre el rol institucional de PRO-COMPETENCIA, expres\u00f3:<\/p>\n<p>\u201cPRO-COMPETENCIA no es una opci\u00f3n del Estado dominicano; es una obligaci\u00f3n constitucional\u201d.<\/p>\n<p>La funcionaria sostuvo que este marco institucional representa una garant\u00eda para la inversi\u00f3n, especialmente para la di\u00e1spora dominicana, al asegurar condiciones de igualdad en los mercados y protecci\u00f3n frente a pr\u00e1cticas anticompetitivas.<\/p>\n<p>Asimismo, destac\u00f3 el crecimiento econ\u00f3mico del pa\u00eds y el aumento de la inversi\u00f3n extranjera como factores que fortalecen el clima de negocios.<\/p>\n<p>En su cierre, afirm\u00f3:<\/p>\n<p>\u201cLa pregunta no es si hay oportunidades. La pregunta es si ustedes van a ser parte de ellas\u201d.<\/p>\n<p><strong>Asistencia<\/strong><\/p>\n<p>A la conferencia asistieron personalidades del \u00e1mbito pol\u00edtico, profesional y comercial, entre ellos Radhames Rodr\u00edguez, presidente de la Uni\u00f3n de Bodegueros Dominicanos; el diputado de ultramar Cirilo Moronta; y Francia Vargas, presidenta de la FEDD, adem\u00e1s de l\u00edderes comunitarios y representantes de la comunidad dominicana en Nueva York.<\/p>\n<p>El encuentro concluy\u00f3 con un llamado a fortalecer la inversi\u00f3n dominicana en la Rep\u00fablica Dominicana bajo un marco de seguridad jur\u00eddica, equidad y libre competencia.<\/p>\n<p>&nbsp;<\/p>\n","protected":false},"excerpt":{"rendered":"<p>Nueva York. La Rep\u00fablica Dominicana fortalece su clima de inversi\u00f3n con garant\u00edas basadas en la&#8230;<\/p>\n","protected":false},"author":3,"featured_media":5014,"comment_status":"open","ping_status":"open","sticky":false,"template":"","format":"standard","meta":{"footnotes":""},"categories":[8,5],"tags":[],"class_list":["post-5013","post","type-post","status-publish","format-standard","has-post-thumbnail","hentry","category-dominicanos-en-el-exterior","category-portada"],"_links":{"self":[{"href":"https:\/\/elviajero.com.do\/index.php\/wp-json\/wp\/v2\/posts\/5013","targetHints":{"allow":["GET"]}}],"collection":[{"href":"https:\/\/elviajero.com.do\/index.php\/wp-json\/wp\/v2\/posts"}],"about":[{"href":"https:\/\/elviajero.com.do\/index.php\/wp-json\/wp\/v2\/types\/post"}],"author":[{"embeddable":true,"href":"https:\/\/elviajero.com.do\/index.php\/wp-json\/wp\/v2\/users\/3"}],"replies":[{"embeddable":true,"href":"https:\/\/elviajero.com.do\/index.php\/wp-json\/wp\/v2\/comments?post=5013"}],"version-history":[{"count":1,"href":"https:\/\/elviajero.com.do\/index.php\/wp-json\/wp\/v2\/posts\/5013\/revisions"}],"predecessor-version":[{"id":5015,"href":"https:\/\/elviajero.com.do\/index.php\/wp-json\/wp\/v2\/posts\/5013\/revisions\/5015"}],"wp:featuredmedia":[{"embeddable":true,"href":"https:\/\/elviajero.com.do\/index.php\/wp-json\/wp\/v2\/media\/5014"}],"wp:attachment":[{"href":"https:\/\/elviajero.com.do\/index.php\/wp-json\/wp\/v2\/media?parent=5013"}],"wp:term":[{"taxonomy":"category","embeddable":true,"href":"https:\/\/elviajero.com.do\/index.php\/wp-json\/wp\/v2\/categories?post=5013"},{"taxonomy":"post_tag","embeddable":true,"href":"https:\/\/elviajero.com.do\/index.php\/wp-json\/wp\/v2\/tags?post=5013"}],"curies":[{"name":"wp","href":"https:\/\/api.w.org\/{rel}","templated":true}]}}