{"id":5031,"date":"2026-04-28T18:31:43","date_gmt":"2026-04-28T22:31:43","guid":{"rendered":"https:\/\/elviajero.com.do\/?p=5031"},"modified":"2026-04-28T18:35:56","modified_gmt":"2026-04-28T22:35:56","slug":"un-llamado-a-la-memoria-jose-alejandro-vargas-impulsa-homenaje-a-rafael-corporan-de-los-santos","status":"publish","type":"post","link":"https:\/\/elviajero.com.do\/index.php\/2026\/04\/28\/un-llamado-a-la-memoria-jose-alejandro-vargas-impulsa-homenaje-a-rafael-corporan-de-los-santos\/","title":{"rendered":"\u00a0Un llamado a la memoria: Jos\u00e9 Alejandro Vargas impulsa homenaje a Rafael Corpor\u00e1n de los Santos"},"content":{"rendered":"<p>Rafael Castro 28 de abril 2026<\/p>\n<p>Santo Domingo, RD. \u2014<\/p>\n<p>En un pronunciamiento cargado de reflexi\u00f3n hist\u00f3rica y sentido de gratitud, el magistrado Jos\u00e9 Alejandro Vargas utiliz\u00f3 su cuenta en la red social X para exhortar al Congreso Nacional a rendir un homenaje p\u00f3stumo al emblem\u00e1tico empresario y comunicador Rafael Corpor\u00e1n de los Santos, una de las figuras m\u00e1s influyentes de la radio y la televisi\u00f3n dominicana.<\/p>\n<p>Vargas plante\u00f3 que ha llegado el momento de que el pa\u00eds, a trav\u00e9s de sus instituciones, reconozca la huella imborrable dejada por Corpor\u00e1n, cuya vida, seg\u00fan destac\u00f3, fue una historia de superaci\u00f3n marcada por contrastes: naci\u00f3 en la pobreza, alcanz\u00f3 el \u00e9xito econ\u00f3mico y, al final de sus d\u00edas, parti\u00f3 sin fortuna material. Sin embargo, subray\u00f3 que su verdadera riqueza siempre estuvo en su vocaci\u00f3n de servicio.<\/p>\n<p>\u201cEl alma, cuando se desprende del cuerpo, poco necesita de los homenajes terrenales\u201d, expres\u00f3 el magistrado, al tiempo que aclar\u00f3 que el reconocimiento no responde a una necesidad del fallecido comunicador, sino a un deber moral de la sociedad dominicana.<\/p>\n<p>En ese sentido, insisti\u00f3 en que las acciones filantr\u00f3picas de Corpor\u00e1n deben permanecer vivas en la memoria colectiva como ejemplo de solidaridad y compromiso social.<\/p>\n<p>Durante d\u00e9cadas, Corpor\u00e1n no solo se consolid\u00f3 como una poderosa voz en los medios de comunicaci\u00f3n, sino que tambi\u00e9n se convirti\u00f3 en un puente entre las necesidades del pueblo y las posibilidades de ayuda.<\/p>\n<p><img loading=\"lazy\" decoding=\"async\" class=\"alignnone size-full wp-image-5037\" src=\"https:\/\/elviajero.com.do\/wp-content\/uploads\/2026\/04\/MV5BNmUwY2I1MWYtMzI2YS00NjczLWFhZmUtNDc2MzQ2MmJjMGNjXkEyXkFqcGc@._V1_.jpg\" alt=\"\" width=\"622\" height=\"460\" srcset=\"https:\/\/elviajero.com.do\/wp-content\/uploads\/2026\/04\/MV5BNmUwY2I1MWYtMzI2YS00NjczLWFhZmUtNDc2MzQ2MmJjMGNjXkEyXkFqcGc@._V1_.jpg 622w, https:\/\/elviajero.com.do\/wp-content\/uploads\/2026\/04\/MV5BNmUwY2I1MWYtMzI2YS00NjczLWFhZmUtNDc2MzQ2MmJjMGNjXkEyXkFqcGc@._V1_-300x222.jpg 300w\" sizes=\"auto, (max-width: 622px) 100vw, 622px\" \/><\/p>\n<p>Desde sus plataformas radiales y televisivas, tendi\u00f3 la mano a los m\u00e1s humildes, impuls\u00f3 iniciativas sociales y se erigi\u00f3 como un referente de esperanza para miles de dominicanos.<\/p>\n<p>El magistrado tambi\u00e9n resalt\u00f3 el papel asumido por el empresario en momentos cruciales para la democracia del pa\u00eds. Record\u00f3 que, cuando la naci\u00f3n lo requiri\u00f3, Corpor\u00e1n puso su emisora, Radio Popular, al servicio del fortalecimiento democr\u00e1tico, utilizando su influencia medi\u00e1tica como instrumento de orientaci\u00f3n y defensa de los valores c\u00edvicos.<\/p>\n<p>Como propuesta concreta, Vargas sugiri\u00f3 que el Congreso de la Rep\u00fablica inmortalice su legado bautizando una calle con el nombre de Rafael Corpor\u00e1n de los Santos, como s\u00edmbolo de reconocimiento p\u00fablico y permanente.<\/p>\n<p>\u201cLa gratitud tambi\u00e9n se legisla\u201d, afirm\u00f3, enfatizando que este tipo de acciones permiten que el agradecimiento de un pueblo quede plasmado m\u00e1s all\u00e1 de las palabras.<\/p>\n<p>El llamado del magistrado ha reavivado el debate sobre la necesidad de honrar en vida \u2014y tambi\u00e9n despu\u00e9s de la muerte, a figuras que, como Corpor\u00e1n, trascendieron su oficio para convertirse en pilares sociales. En sus palabras, no se trata \u00fanicamente de recordar a un hombre, sino de preservar un ejemplo que inspire a futuras generaciones a hacer el bien.<\/p>\n<p>As\u00ed, la voz de Jos\u00e9 Alejandro Vargas se suma a quienes consideran que la historia dominicana a\u00fan tiene cuentas pendientes con uno de sus m\u00e1s singulares protagonistas, cuyo legado sigue latiendo en la memoria de quienes alguna vez encontraron en \u00e9l una mano amiga.<\/p>\n<p>&nbsp;<\/p>\n<p>&nbsp;<\/p>\n<p>&nbsp;<\/p>\n","protected":false},"excerpt":{"rendered":"<p>Rafael Castro 28 de abril 2026 Santo Domingo, RD. \u2014 En un pronunciamiento cargado de&#8230;<\/p>\n","protected":false},"author":3,"featured_media":5032,"comment_status":"open","ping_status":"open","sticky":false,"template":"","format":"standard","meta":{"footnotes":""},"categories":[2,5],"tags":[],"class_list":["post-5031","post","type-post","status-publish","format-standard","has-post-thumbnail","hentry","category-nacionales","category-portada"],"_links":{"self":[{"href":"https:\/\/elviajero.com.do\/index.php\/wp-json\/wp\/v2\/posts\/5031","targetHints":{"allow":["GET"]}}],"collection":[{"href":"https:\/\/elviajero.com.do\/index.php\/wp-json\/wp\/v2\/posts"}],"about":[{"href":"https:\/\/elviajero.com.do\/index.php\/wp-json\/wp\/v2\/types\/post"}],"author":[{"embeddable":true,"href":"https:\/\/elviajero.com.do\/index.php\/wp-json\/wp\/v2\/users\/3"}],"replies":[{"embeddable":true,"href":"https:\/\/elviajero.com.do\/index.php\/wp-json\/wp\/v2\/comments?post=5031"}],"version-history":[{"count":4,"href":"https:\/\/elviajero.com.do\/index.php\/wp-json\/wp\/v2\/posts\/5031\/revisions"}],"predecessor-version":[{"id":5038,"href":"https:\/\/elviajero.com.do\/index.php\/wp-json\/wp\/v2\/posts\/5031\/revisions\/5038"}],"wp:featuredmedia":[{"embeddable":true,"href":"https:\/\/elviajero.com.do\/index.php\/wp-json\/wp\/v2\/media\/5032"}],"wp:attachment":[{"href":"https:\/\/elviajero.com.do\/index.php\/wp-json\/wp\/v2\/media?parent=5031"}],"wp:term":[{"taxonomy":"category","embeddable":true,"href":"https:\/\/elviajero.com.do\/index.php\/wp-json\/wp\/v2\/categories?post=5031"},{"taxonomy":"post_tag","embeddable":true,"href":"https:\/\/elviajero.com.do\/index.php\/wp-json\/wp\/v2\/tags?post=5031"}],"curies":[{"name":"wp","href":"https:\/\/api.w.org\/{rel}","templated":true}]}}