{"id":505,"date":"2025-09-03T11:30:02","date_gmt":"2025-09-03T15:30:02","guid":{"rendered":"https:\/\/elviajero.com.do\/?p=505"},"modified":"2025-09-03T11:34:53","modified_gmt":"2025-09-03T15:34:53","slug":"aduanas-y-aerodom-reciben-vuelo-de-amanzon-air-cargo","status":"publish","type":"post","link":"https:\/\/elviajero.com.do\/index.php\/2025\/09\/03\/aduanas-y-aerodom-reciben-vuelo-de-amanzon-air-cargo\/","title":{"rendered":"Aduanas y Aerodom reciben vuelo de Amanzon Air Cargo"},"content":{"rendered":"<p>Rafael Castro 03 de septiembre 2025<\/p>\n<p>Santo Domingo. \u2013<\/p>\n<p>Las autoridades aduanales y de Aeropuertos Dominicanos Aerodom recibieron este mi\u00e9rcoles, el primer vuelo de Amazon Air Cargo por el Aeropuerto Internacional de Las Am\u00e9ricas, Jos\u00e9 Francisco Pe\u00f1a G\u00f3mez, con el cual la Rep\u00fablica Dominicana da un paso trascendental en su posicionamiento como centro log\u00edstico regional de Norteam\u00e9rica, Sudam\u00e9rica y el Caribe.<\/p>\n<p>Con esta operaci\u00f3n, la multinacional del comercio electr\u00f3nico inaugura su primer destino en el Caribe, estableciendo un puente directo con Estados Unidos y abriendo nuevas oportunidades para el comercio internacional.<\/p>\n<p>El acto de recepci\u00f3n de la aeronave cont\u00f3 con la presencia del director general de Aduanas, Eduardo Sanz Lovat\u00f3n; la directora general de Aeropuertos Dominicanos XXI (Aerodom), Monika Infante Henr\u00edquez; el ministro de Industria, Comercio y Mipymes, V\u00edctor \u201cIto\u201d Bison\u00f3, as\u00ed como representantes de Amazon, Alk Global Log\u00edstico y otras autoridades del sector aeroportuario y aduanero.<\/p>\n<p><strong>Siete vuelos semanales y m\u00e1s de 770 toneladas m\u00e9tricas de capacidad<\/strong><\/p>\n<p><img loading=\"lazy\" decoding=\"async\" class=\"alignnone size-medium wp-image-509\" src=\"https:\/\/elviajero.com.do\/wp-content\/uploads\/2025\/09\/IMG-20250903-WA0048-300x225.jpg\" alt=\"\" width=\"300\" height=\"225\" srcset=\"https:\/\/elviajero.com.do\/wp-content\/uploads\/2025\/09\/IMG-20250903-WA0048-300x225.jpg 300w, https:\/\/elviajero.com.do\/wp-content\/uploads\/2025\/09\/IMG-20250903-WA0048-1024x768.jpg 1024w, https:\/\/elviajero.com.do\/wp-content\/uploads\/2025\/09\/IMG-20250903-WA0048-768x576.jpg 768w, https:\/\/elviajero.com.do\/wp-content\/uploads\/2025\/09\/IMG-20250903-WA0048-1536x1152.jpg 1536w, https:\/\/elviajero.com.do\/wp-content\/uploads\/2025\/09\/IMG-20250903-WA0048.jpg 1600w\" sizes=\"auto, (max-width: 300px) 100vw, 300px\" \/><\/p>\n<p>La llegada de Amazon Air Cargo marca el inicio de una operaci\u00f3n que contempla <strong>siete vuelos semanales<\/strong> entre Santo Domingo y Estados Unidos, lo que representa una capacidad adicional de <strong>770 toneladas m\u00e9tricas por semana<\/strong> para el transporte a\u00e9reo de mercanc\u00edas.<\/p>\n<p>Durante el acto, Sanz Lovat\u00f3n resalt\u00f3 que esta alianza es una muestra concreta del compromiso del Gobierno con convertir al pa\u00eds en el hub log\u00edstico l\u00edder del Caribe y las Am\u00e9ricas.<\/p>\n<p>\u201cNo solo ampliamos la capacidad de carga a\u00e9rea, sino que abrimos nuevas oportunidades para exportadores, importadores y emprendedores dominicanos.\u201d Este es un paso firme hacia nuestra visi\u00f3n de hacer de la Rep\u00fablica Dominicana un puente del comercio global\u201d, afirm\u00f3.<\/p>\n<p>El funcionario destac\u00f3 adem\u00e1s que Amazon es la <strong>\u00fanica compa\u00f1\u00eda internacional que ha elegido al pa\u00eds como hub log\u00edstico<\/strong>, lo que responde a los avances en la modernizaci\u00f3n de las aduanas y en la infraestructura aeroportuaria dominicana.<\/p>\n<p><strong>Inversi\u00f3n millonaria en infraestructura<\/strong><\/p>\n<p><img loading=\"lazy\" decoding=\"async\" class=\"alignnone size-medium wp-image-511\" src=\"https:\/\/elviajero.com.do\/wp-content\/uploads\/2025\/09\/IMG-20250903-WA0044-300x225.jpg\" alt=\"\" width=\"300\" height=\"225\" srcset=\"https:\/\/elviajero.com.do\/wp-content\/uploads\/2025\/09\/IMG-20250903-WA0044-300x225.jpg 300w, https:\/\/elviajero.com.do\/wp-content\/uploads\/2025\/09\/IMG-20250903-WA0044-1024x768.jpg 1024w, https:\/\/elviajero.com.do\/wp-content\/uploads\/2025\/09\/IMG-20250903-WA0044-768x576.jpg 768w, https:\/\/elviajero.com.do\/wp-content\/uploads\/2025\/09\/IMG-20250903-WA0044-1536x1152.jpg 1536w, https:\/\/elviajero.com.do\/wp-content\/uploads\/2025\/09\/IMG-20250903-WA0044.jpg 1600w\" sizes=\"auto, (max-width: 300px) 100vw, 300px\" \/><\/p>\n<p>El Aeropuerto Internacional de Las Am\u00e9ricas moviliza actualmente m\u00e1s de 15 millones de libras de carga de importaci\u00f3n y exportaci\u00f3n cada mes, consolid\u00e1ndose como el principal punto de carga a\u00e9rea del pa\u00eds.<\/p>\n<p>Para apoyar este crecimiento, Aerodom ,filial de VINCI Airports hizo una inversi\u00f3n de US$6 millones en una nueva terminal expr\u00e9s de comercio electr\u00f3nico y carga, en colaboraci\u00f3n con la Direcci\u00f3n General de Aduanas, que opera en la parte norte del \u00e1rea del aeropuerto Las Am\u00e9ricas.<\/p>\n<p>Esta moderna instalaci\u00f3n aumenta en 186% la capacidad de almacenamiento y manejo de mercanc\u00edas, con 4,858 metros cuadrados adicionales, tecnolog\u00eda de inspecci\u00f3n avanzada con rayos X y la capacidad para procesar m\u00e1s de 4 millones de paquetes adicionales al a\u00f1o.<\/p>\n<p><strong>Beneficios para el comercio electr\u00f3nico y los courier locales<\/strong><\/p>\n<p>El esquema de distribuci\u00f3n se mantiene en coordinaci\u00f3n con los courier dominicanos, quienes se ver\u00e1n beneficiados con una frecuencia adicional para el traslado de sus cargas. Esto, seg\u00fan las autoridades, constituye un respaldo directo a las empresas locales de mensajer\u00eda, fortaleciendo a\u00fan m\u00e1s la cadena log\u00edstica nacional.<\/p>\n<p>Por su parte, Monika Infante Henr\u00edquez, directora general de Aeropuertos Dominicanos XXI Aerodom subray\u00f3 que la llegada de Amazon Air Cargo representa un hito en la misi\u00f3n compartida de consolidar a la Rep\u00fablica Dominicana como el hub log\u00edstico m\u00e1s importante del Caribe.<\/p>\n<p>\u201cCon esta operaci\u00f3n fortalecemos la competitividad del comercio electr\u00f3nico, agilizamos las cadenas de suministro y garantizamos un servicio m\u00e1s r\u00e1pido, eficiente y seguro\u201d, manifest\u00f3 Infante.<\/p>\n<p>&nbsp;<\/p>\n<p>&nbsp;<\/p>\n","protected":false},"excerpt":{"rendered":"<p>Rafael Castro 03 de septiembre 2025 Santo Domingo. \u2013 Las autoridades aduanales y de Aeropuertos&#8230;<\/p>\n","protected":false},"author":3,"featured_media":506,"comment_status":"open","ping_status":"open","sticky":false,"template":"","format":"standard","meta":{"footnotes":""},"categories":[5],"tags":[],"class_list":["post-505","post","type-post","status-publish","format-standard","has-post-thumbnail","hentry","category-portada"],"_links":{"self":[{"href":"https:\/\/elviajero.com.do\/index.php\/wp-json\/wp\/v2\/posts\/505","targetHints":{"allow":["GET"]}}],"collection":[{"href":"https:\/\/elviajero.com.do\/index.php\/wp-json\/wp\/v2\/posts"}],"about":[{"href":"https:\/\/elviajero.com.do\/index.php\/wp-json\/wp\/v2\/types\/post"}],"author":[{"embeddable":true,"href":"https:\/\/elviajero.com.do\/index.php\/wp-json\/wp\/v2\/users\/3"}],"replies":[{"embeddable":true,"href":"https:\/\/elviajero.com.do\/index.php\/wp-json\/wp\/v2\/comments?post=505"}],"version-history":[{"count":5,"href":"https:\/\/elviajero.com.do\/index.php\/wp-json\/wp\/v2\/posts\/505\/revisions"}],"predecessor-version":[{"id":513,"href":"https:\/\/elviajero.com.do\/index.php\/wp-json\/wp\/v2\/posts\/505\/revisions\/513"}],"wp:featuredmedia":[{"embeddable":true,"href":"https:\/\/elviajero.com.do\/index.php\/wp-json\/wp\/v2\/media\/506"}],"wp:attachment":[{"href":"https:\/\/elviajero.com.do\/index.php\/wp-json\/wp\/v2\/media?parent=505"}],"wp:term":[{"taxonomy":"category","embeddable":true,"href":"https:\/\/elviajero.com.do\/index.php\/wp-json\/wp\/v2\/categories?post=505"},{"taxonomy":"post_tag","embeddable":true,"href":"https:\/\/elviajero.com.do\/index.php\/wp-json\/wp\/v2\/tags?post=505"}],"curies":[{"name":"wp","href":"https:\/\/api.w.org\/{rel}","templated":true}]}}