{"id":5053,"date":"2026-04-29T15:33:08","date_gmt":"2026-04-29T19:33:08","guid":{"rendered":"https:\/\/elviajero.com.do\/?p=5053"},"modified":"2026-04-29T15:35:01","modified_gmt":"2026-04-29T19:35:01","slug":"explosion-y-fuego-tras-despegue-ciaa-investiga-accidente-de-avioneta-en-dajabon","status":"publish","type":"post","link":"https:\/\/elviajero.com.do\/index.php\/2026\/04\/29\/explosion-y-fuego-tras-despegue-ciaa-investiga-accidente-de-avioneta-en-dajabon\/","title":{"rendered":"Explosi\u00f3n y fuego tras despegue: CIAA investiga accidente de avioneta en Dajab\u00f3n"},"content":{"rendered":"<p>&nbsp;<\/p>\n<p><em>Rafael Castro<br \/>\n29 de abril de 2026<br \/>\nSanto Domingo, RD<\/em><\/p>\n<p>La incertidumbre y la preocupaci\u00f3n se apoderaron este mi\u00e9rcoles de la comunidad de Dajab\u00f3n, tras el accidente de una avioneta privada que, apenas segundos despu\u00e9s de despegar, sufri\u00f3 una aparente detonaci\u00f3n que deriv\u00f3 en un incendio, obligando a sus ocupantes a lanzarse del aparato en un intento desesperado por salvar sus vidas.<\/p>\n<p>Mientras tanto, la Comisi\u00f3n Investigadora de Accidentes A\u00e9reos (CIAA), en coordinaci\u00f3n con el Instituto Dominicano de Aviaci\u00f3n Civil (IDAC), profundiza las investigaciones para determinar las causas del siniestro, que mantiene en vilo a las autoridades y a los residentes de la zona fronteriza.<\/p>\n<p>Una fuente oficial confirm\u00f3 que, tan pronto se tuvo conocimiento del accidente, una comisi\u00f3n de t\u00e9cnicos especializados de la CIAA fue enviada al lugar del hecho para iniciar las indagatorias. Sin embargo, el organismo fue enf\u00e1tico en se\u00f1alar que a\u00fan es prematuro ofrecer conclusiones.<\/p>\n<p>\u201cNo podemos ofrecer ning\u00fan detalle del accidente porque no conocemos realmente lo que sucedi\u00f3\u201d, expres\u00f3 el funcionario, al tiempo que adelant\u00f3 que en las pr\u00f3ximas horas podr\u00edan darse a conocer informes preliminares con los primeros hallazgos.<\/p>\n<p>De acuerdo con reportes iniciales, la aeronave, una avioneta bimotor matr\u00edcula N577TU\u2014 despegaba desde el aer\u00f3dromo de Dajab\u00f3n, ubicado en la comunidad Sabana Santiago-La Aviaci\u00f3n, cuando se produjo una peque\u00f1a explosi\u00f3n que r\u00e1pidamente desencaden\u00f3 un incendio en pleno ascenso.<\/p>\n<p>El piloto, identificado como Domingo An\u00edbal Medina Bison\u00f3, conocido como \u201cChiqui Medina\u201d y certificado por el IDAC, junto a su copiloto Luis Manuel Carrasco, lograron salir de la aeronave en medio de la emergencia, aunque resultaron con quemaduras de consideraci\u00f3n.<\/p>\n<p>Ambos fueron atendidos inicialmente en el centro de salud Doctor Jos\u00e9 Manuel Rodr\u00edguez, en Dajab\u00f3n, y posteriormente trasladados en una aeroambulancia hacia una cl\u00ednica privada en Santiago de los Caballeros, donde permanecen recibiendo atenciones m\u00e9dicas especializadas.<\/p>\n<p>Testigos narraron momentos de tensi\u00f3n al observar la aeronave envuelta en llamas, mientras unidades del Cuerpo de Bomberos acudieron r\u00e1pidamente a la escena para sofocar el incendio que consum\u00eda el fuselaje.<\/p>\n<p>El aer\u00f3dromo desde donde parti\u00f3 la avioneta es operado por personal militar lo que facilit\u00f3 la activaci\u00f3n inmediata de los protocolos de seguridad operacional tras el incidente.<\/p>\n<p>En un comunicado conjunto, la CIAA y el IDAC reiteraron que las investigaciones se desarrollan conforme a los procedimientos establecidos en materia de aviaci\u00f3n civil, y que cualquier informaci\u00f3n oficial ser\u00e1 ofrecida una vez se determinen con precisi\u00f3n las causas del accidente.<\/p>\n<p>El hecho ha generado inquietud entre los residentes de Dajab\u00f3n, quienes conocen a los involucrados como empresarios activos y figuras vinculadas al desarrollo econ\u00f3mico local.<\/p>\n<p>Por ahora, las autoridades mantienen un hermetismo prudente, mientras las piezas del rompecabezas comienzan a encajar en torno a un accidente que, aunque no dej\u00f3 v\u00edctimas mortales, pudo haber tenido consecuencias mucho m\u00e1s tr\u00e1gicas.<\/p>\n<p>Foto 24 horas Digital<\/p>\n","protected":false},"excerpt":{"rendered":"<p>&nbsp; Rafael Castro 29 de abril de 2026 Santo Domingo, RD La incertidumbre y la&#8230;<\/p>\n","protected":false},"author":3,"featured_media":5054,"comment_status":"open","ping_status":"open","sticky":false,"template":"","format":"standard","meta":{"footnotes":""},"categories":[2,5],"tags":[],"class_list":["post-5053","post","type-post","status-publish","format-standard","has-post-thumbnail","hentry","category-nacionales","category-portada"],"_links":{"self":[{"href":"https:\/\/elviajero.com.do\/index.php\/wp-json\/wp\/v2\/posts\/5053","targetHints":{"allow":["GET"]}}],"collection":[{"href":"https:\/\/elviajero.com.do\/index.php\/wp-json\/wp\/v2\/posts"}],"about":[{"href":"https:\/\/elviajero.com.do\/index.php\/wp-json\/wp\/v2\/types\/post"}],"author":[{"embeddable":true,"href":"https:\/\/elviajero.com.do\/index.php\/wp-json\/wp\/v2\/users\/3"}],"replies":[{"embeddable":true,"href":"https:\/\/elviajero.com.do\/index.php\/wp-json\/wp\/v2\/comments?post=5053"}],"version-history":[{"count":3,"href":"https:\/\/elviajero.com.do\/index.php\/wp-json\/wp\/v2\/posts\/5053\/revisions"}],"predecessor-version":[{"id":5057,"href":"https:\/\/elviajero.com.do\/index.php\/wp-json\/wp\/v2\/posts\/5053\/revisions\/5057"}],"wp:featuredmedia":[{"embeddable":true,"href":"https:\/\/elviajero.com.do\/index.php\/wp-json\/wp\/v2\/media\/5054"}],"wp:attachment":[{"href":"https:\/\/elviajero.com.do\/index.php\/wp-json\/wp\/v2\/media?parent=5053"}],"wp:term":[{"taxonomy":"category","embeddable":true,"href":"https:\/\/elviajero.com.do\/index.php\/wp-json\/wp\/v2\/categories?post=5053"},{"taxonomy":"post_tag","embeddable":true,"href":"https:\/\/elviajero.com.do\/index.php\/wp-json\/wp\/v2\/tags?post=5053"}],"curies":[{"name":"wp","href":"https:\/\/api.w.org\/{rel}","templated":true}]}}