{"id":5058,"date":"2026-04-30T16:15:01","date_gmt":"2026-04-30T20:15:01","guid":{"rendered":"https:\/\/elviajero.com.do\/?p=5058"},"modified":"2026-04-30T16:15:01","modified_gmt":"2026-04-30T20:15:01","slug":"si-autoridad-y-delincuente-comulgan-juntos-entonces-nae-naporque-la-soledad-no-es-estar-solo-es-sentirse","status":"publish","type":"post","link":"https:\/\/elviajero.com.do\/index.php\/2026\/04\/30\/si-autoridad-y-delincuente-comulgan-juntos-entonces-nae-naporque-la-soledad-no-es-estar-solo-es-sentirse\/","title":{"rendered":"Si autoridad y delincuente\u00a0comulgan juntos, entonces, na\u00b4e na\u00b4Porque: \u201cLa soledad no es estar solo,\u00a0es sentirse\u201d\u00a0"},"content":{"rendered":"<p>&nbsp;<\/p>\n<p><span data-contrast=\"auto\">Por: Rafael R. Ram\u00edrez Ferreira.\u00a0<\/span><span data-ccp-props=\"{&quot;201341983&quot;:0,&quot;335551550&quot;:3,&quot;335551620&quot;:3,&quot;335559737&quot;:-22,&quot;335559739&quot;:0,&quot;335559740&quot;:240}\">\u00a0<\/span><\/p>\n<p><span data-contrast=\"auto\">\u201cMu\u00e9vete en silencio,<\/span><span data-ccp-props=\"{&quot;201341983&quot;:0,&quot;335551550&quot;:3,&quot;335551620&quot;:3,&quot;335559737&quot;:-22,&quot;335559739&quot;:0,&quot;335559740&quot;:240}\">\u00a0<\/span><\/p>\n<p><span data-contrast=\"auto\">solo habla, cuando sea<\/span><span data-ccp-props=\"{&quot;201341983&quot;:0,&quot;335551550&quot;:3,&quot;335551620&quot;:3,&quot;335559737&quot;:-22,&quot;335559739&quot;:0,&quot;335559740&quot;:240}\">\u00a0<\/span><\/p>\n<p><span data-contrast=\"auto\">la hora fatal de decir\u2026<\/span><span data-ccp-props=\"{&quot;201341983&quot;:0,&quot;335551550&quot;:3,&quot;335551620&quot;:3,&quot;335559737&quot;:-22,&quot;335559739&quot;:0,&quot;335559740&quot;:240}\">\u00a0<\/span><\/p>\n<p><span data-contrast=\"auto\">\u00a1Jaque Mate!\u201d.<\/span><span data-ccp-props=\"{&quot;201341983&quot;:0,&quot;335551550&quot;:3,&quot;335551620&quot;:3,&quot;335559737&quot;:-22,&quot;335559739&quot;:0,&quot;335559740&quot;:240}\">\u00a0<\/span><\/p>\n<p><span data-contrast=\"auto\">La desilusi\u00f3n, como el pan nuestro de cada d\u00eda, se ha convertido en la constante en nuestra existencia como naci\u00f3n. La degradaci\u00f3n de la vida es vista a diario como algo com\u00fan, porque cuando quienes tienen que cumplir las leyes no lo hacen y, quienes est\u00e1n obligados a hacerlas cumplir tampoco lo hacen, es decir, en donde la reina es la irresponsabilidad, solo el caos impera, tal y como sucede en estos tiempos donde solo importan los pol\u00edticos y sus ambiciones.<\/span><span data-ccp-props=\"{&quot;201341983&quot;:0,&quot;335551550&quot;:6,&quot;335551620&quot;:6,&quot;335559737&quot;:-22,&quot;335559739&quot;:0,&quot;335559740&quot;:240}\">\u00a0<\/span><\/p>\n<p><span data-contrast=\"auto\">Han desarrollado toda una juventud pol\u00edtica parasitaria, una camada de pol\u00edticos sin principios, siendo esta la raz\u00f3n por la cual tantos ya han fracasado pero que, de manera incre\u00edble, han sido protegidos por el mismo sistema corrupto que se ha desarrollado. Utilizan los recursos puestos a su disposici\u00f3n, de manera tal, que no salen de un esc\u00e1ndalo sin que, -reitero-, se produzca alg\u00fan tipo de consecuencia contra estos personajes.<\/span><span data-ccp-props=\"{&quot;201341983&quot;:0,&quot;335551550&quot;:6,&quot;335551620&quot;:6,&quot;335559737&quot;:-22,&quot;335559739&quot;:0,&quot;335559740&quot;:240}\">\u00a0<\/span><\/p>\n<p><span data-contrast=\"auto\">Vivimos en el pa\u00eds de las ilusiones y fantas\u00edas, creadas por estos pol\u00edticos, donde todo se convierte en humo al encontrarse de frente con la realidad de los hechos. En realidad, es una existencia de ausencias \u00e9ticas y morales, donde los pol\u00edticos, unos a otros se comportan como un sacerdote en el confesionario, es decir, que se protegen y liberan de culpa, con un simple \u201cEgo te Absolvo\u201d.<\/span><span data-ccp-props=\"{&quot;201341983&quot;:0,&quot;335551550&quot;:6,&quot;335551620&quot;:6,&quot;335559737&quot;:-22,&quot;335559739&quot;:0,&quot;335559740&quot;:240}\">\u00a0<\/span><\/p>\n<p><span data-contrast=\"auto\">Alguien expres\u00f3 en su momento, que, en toda obra falsificada, puede haber algo original y, ciertamente es as\u00ed. Nos han llevado hasta el hartazgo habl\u00e1ndonos de cambios, transparencias y otras tantas palabras donde todo tiene el mismo toque de originalidad, es decir, el enga\u00f1o y, la manipulaci\u00f3n de hechos sin que aparezca por parte alguna la expresi\u00f3n de la realidad, como ser\u00eda la modernizaci\u00f3n de la Polic\u00eda y el endeudamiento, tanto interno como externo, ya convertido en eterno y que, han procrastinado en algo que les ha dado por llamar progreso o, m\u00e1s absurdamente\u2026 \u00a1Desarrollo!<\/span><span data-ccp-props=\"{&quot;201341983&quot;:0,&quot;335551550&quot;:6,&quot;335551620&quot;:6,&quot;335559737&quot;:-22,&quot;335559739&quot;:0,&quot;335559740&quot;:240}\">\u00a0<\/span><\/p>\n<p><span data-contrast=\"auto\">Y, como no soy tan fervoroso, para pedir que Dios nos cubra con su Santo Manto, solo digo que, estos pol\u00edticos debiesen de haber hecho; debieron de hacer y, pensar en qu\u00e9 deber\u00edan hacer antes de que, cuando lo que para lo que deben de hacer el tiempo no les d\u00e9 ya para hacerlo y solo las desgracias nos cubran por doquier. Y, esto ha sido y ser\u00e1 as\u00ed, tal y como lo demuestra la historia, sobre aquello que no hay mal que dure cien a\u00f1os ni cuerpo que lo resista y, este pueblo, ya est\u00e1 harto de sus comportamientos insaciables para satisfacer sus ambiciones.<\/span><span data-ccp-props=\"{&quot;201341983&quot;:0,&quot;335551550&quot;:6,&quot;335551620&quot;:6,&quot;335559737&quot;:-22,&quot;335559739&quot;:0,&quot;335559740&quot;:240}\">\u00a0<\/span><\/p>\n<p><span data-contrast=\"auto\">Por este accionar absurdo de las autoridades, es que todo se queda a medias. Se incrementan los mal llamados operativos sin que se puede ejecutar y bien desarrollar cualquier proyecto. Ah\u00ed tenemos el desastre institucional de la Polic\u00eda, un real tollo que la pol\u00edtica partidista no permite que se adopten las medidas draconianas que se necesitan para hacerla efectiva. Un organismo politizado, donde al ser designado, lo primero que buscan es ponerse bajo las \u00f3rdenes de los pol\u00edticos locales, un organismo utilizado como recompensa a determinados miembros por sus \u201cfavores\u201d pol\u00edticos y, por dem\u00e1s, carente de un organismo de Asuntos Internos que sustituya el esqueleto inepto y mafioso que es el actual.<\/span><span data-ccp-props=\"{&quot;201341983&quot;:0,&quot;335551550&quot;:6,&quot;335551620&quot;:6,&quot;335559737&quot;:-22,&quot;335559739&quot;:0,&quot;335559740&quot;:240}\">\u00a0<\/span><\/p>\n<p><span data-contrast=\"auto\">Del problema de tr\u00e1nsito siquiera hablar, porque aqu\u00ed es que la cosa es f\u00e9tida, desde la cabeza a los pies, iniciando por los \u201cOnorables\u201d que dirigen el negocio y los polic\u00edas -sin importar el rango-, una mutaci\u00f3n de los antiguos tr\u00e1ficos y departamento de tr\u00e1nsito de la polic\u00eda, donde la ineptitud y la corrupci\u00f3n se han solidificado.<\/span><span data-ccp-props=\"{&quot;201341983&quot;:0,&quot;335551550&quot;:6,&quot;335551620&quot;:6,&quot;335559737&quot;:-22,&quot;335559739&quot;:0,&quot;335559740&quot;:240}\">\u00a0<\/span><\/p>\n<p><span data-contrast=\"auto\">Por eso, solo vamos a recordarles a estos pol\u00edticos, sean civiles o policiales, que la ausencia de una verdadera educaci\u00f3n o formaci\u00f3n c\u00edvica, la debilidad del sistema de salud y la inseguridad ciudadana creada por ustedes mismos, constituyen las peores plagas que hoy azotan esta sociedad y que de alguna manera, cuando sea, ustedes tambi\u00e9n pagar\u00e1n por este desmadre institucional que han y est\u00e1n llevando a cabo, todo en base al clientelismo obtuso que se ha apoderado de la pol\u00edtica dominicana. Hay m\u00e1s, mucho m\u00e1s por hacer, que por decir. \u00a1S\u00ed se\u00f1or!<\/span><span data-ccp-props=\"{&quot;201341983&quot;:0,&quot;335551550&quot;:6,&quot;335551620&quot;:6,&quot;335559737&quot;:-22,&quot;335559739&quot;:0,&quot;335559740&quot;:240}\">\u00a0<\/span><\/p>\n","protected":false},"excerpt":{"rendered":"<p>&nbsp; Por: Rafael R. Ram\u00edrez Ferreira.\u00a0\u00a0 \u201cMu\u00e9vete en silencio,\u00a0 solo habla, cuando sea\u00a0 la hora&#8230;<\/p>\n","protected":false},"author":3,"featured_media":5059,"comment_status":"open","ping_status":"open","sticky":false,"template":"","format":"standard","meta":{"footnotes":""},"categories":[7],"tags":[],"class_list":["post-5058","post","type-post","status-publish","format-standard","has-post-thumbnail","hentry","category-opiniones"],"_links":{"self":[{"href":"https:\/\/elviajero.com.do\/index.php\/wp-json\/wp\/v2\/posts\/5058","targetHints":{"allow":["GET"]}}],"collection":[{"href":"https:\/\/elviajero.com.do\/index.php\/wp-json\/wp\/v2\/posts"}],"about":[{"href":"https:\/\/elviajero.com.do\/index.php\/wp-json\/wp\/v2\/types\/post"}],"author":[{"embeddable":true,"href":"https:\/\/elviajero.com.do\/index.php\/wp-json\/wp\/v2\/users\/3"}],"replies":[{"embeddable":true,"href":"https:\/\/elviajero.com.do\/index.php\/wp-json\/wp\/v2\/comments?post=5058"}],"version-history":[{"count":1,"href":"https:\/\/elviajero.com.do\/index.php\/wp-json\/wp\/v2\/posts\/5058\/revisions"}],"predecessor-version":[{"id":5060,"href":"https:\/\/elviajero.com.do\/index.php\/wp-json\/wp\/v2\/posts\/5058\/revisions\/5060"}],"wp:featuredmedia":[{"embeddable":true,"href":"https:\/\/elviajero.com.do\/index.php\/wp-json\/wp\/v2\/media\/5059"}],"wp:attachment":[{"href":"https:\/\/elviajero.com.do\/index.php\/wp-json\/wp\/v2\/media?parent=5058"}],"wp:term":[{"taxonomy":"category","embeddable":true,"href":"https:\/\/elviajero.com.do\/index.php\/wp-json\/wp\/v2\/categories?post=5058"},{"taxonomy":"post_tag","embeddable":true,"href":"https:\/\/elviajero.com.do\/index.php\/wp-json\/wp\/v2\/tags?post=5058"}],"curies":[{"name":"wp","href":"https:\/\/api.w.org\/{rel}","templated":true}]}}