{"id":5067,"date":"2026-04-30T16:36:03","date_gmt":"2026-04-30T20:36:03","guid":{"rendered":"https:\/\/elviajero.com.do\/?p=5067"},"modified":"2026-04-30T16:36:12","modified_gmt":"2026-04-30T20:36:12","slug":"mejia-pide-prudencia-y-estudios-tecnicos-en-debate-sobre-proyecto-minero-en-san-juan","status":"publish","type":"post","link":"https:\/\/elviajero.com.do\/index.php\/2026\/04\/30\/mejia-pide-prudencia-y-estudios-tecnicos-en-debate-sobre-proyecto-minero-en-san-juan\/","title":{"rendered":"Mej\u00eda pide prudencia y estudios t\u00e9cnicos en debate sobre proyecto minero en San Juan"},"content":{"rendered":"<p><strong>\u00a0<\/strong>San Juan-RD<br \/>\nEn medio de un debate cada vez m\u00e1s intenso sobre el futuro del proyecto minero Romero, el expresidente Hip\u00f3lito Mej\u00eda hizo un llamado firme a la prudencia y a la responsabilidad, al insistir en que cualquier decisi\u00f3n debe sustentarse en estudios t\u00e9cnicos y no en posturas pol\u00edticas o prejuicios.<\/p>\n<p data-start=\"423\" data-end=\"764\">Durante una visita a la provincia de San Juan, el exmandatario plante\u00f3 que la discusi\u00f3n en torno a la actividad minera debe abordarse con objetividad y con una visi\u00f3n de desarrollo integral. A su juicio, la miner\u00eda no necesariamente entra en conflicto con otras \u00e1reas productivas, como la agricultura, hist\u00f3ricamente predominante en la zona.<\/p>\n<p data-start=\"766\" data-end=\"1035\">\u201cHay posibilidades de desarrollar todos los sectores de la vida nacional. Y eso no tiene que preocuparle a nadie\u201d, expres\u00f3 Mej\u00eda, al tiempo que rechaz\u00f3 lo que calific\u00f3 como \u201cpolitiquer\u00eda y demagogia barata\u201d en una provincia que enfrenta importantes desaf\u00edos econ\u00f3micos.<\/p>\n<p data-start=\"1037\" data-end=\"1350\">El tambi\u00e9n dirigente pol\u00edtico fue m\u00e1s all\u00e1 al entrar en confrontaci\u00f3n directa con el senador F\u00e9lix Bautista, a quien cuestion\u00f3 por su participaci\u00f3n en el debate. Mej\u00eda puso en duda su autoridad moral para opinar sobre el tema, marcando as\u00ed un tono m\u00e1s \u00e1spero dentro de la discusi\u00f3n p\u00fablica.<\/p>\n<p data-start=\"1352\" data-end=\"1635\">\u201cEn una cosa que est\u00e9 F\u00e9lix Bautista, yo tengo que enfrentarla\u2026 ese no tiene calidad moral para hablar de honestidad y prospectiva\u201d, manifest\u00f3, reiterando sin embargo su principal planteamiento: permitir que los estudios t\u00e9cnicos se realicen antes de emitir conclusiones definitivas.<\/p>\n<p data-start=\"1637\" data-end=\"1919\">El exgobernante tambi\u00e9n rechaz\u00f3 la idea de que la miner\u00eda sea incompatible con otras actividades econ\u00f3micas, calificando esa postura como una \u201cdesviaci\u00f3n\u201d. Insisti\u00f3 en que el desarrollo del pa\u00eds requiere una visi\u00f3n amplia, donde distintos sectores puedan coexistir y complementarse.<\/p>\n<p data-start=\"1921\" data-end=\"2227\">En su intervenci\u00f3n, Mej\u00eda vincul\u00f3 el debate con la realidad social de San Juan, subrayando que se trata de una provincia con altos niveles de pobreza y limitadas oportunidades laborales. En ese sentido, abog\u00f3 por analizar el proyecto con una perspectiva de largo plazo, que priorice el bienestar colectivo.<\/p>\n<p data-start=\"2229\" data-end=\"2437\">\u201cHay que ver esas cosas con realismo, con seriedad\u2026 as\u00ed no estamos para desarrollar el pa\u00eds\u201d, sostuvo, enfatizando la necesidad de decisiones responsables que respondan a los intereses reales de la poblaci\u00f3n.<\/p>\n<p data-start=\"2439\" data-end=\"2704\">Finalmente, el expresidente inst\u00f3 a los actores locales a asumir un rol activo en la discusi\u00f3n, se\u00f1alando que el futuro de la provincia no puede decidirse sin la participaci\u00f3n de su gente. \u201cLa fuerza viva de aqu\u00ed tiene que integrarse y saber lo que quiera\u201d, afirm\u00f3.<\/p>\n<p data-start=\"2706\" data-end=\"3045\" data-is-last-node=\"\" data-is-only-node=\"\">Las declaraciones de Mej\u00eda surgen en un contexto de creciente controversia sobre los proyectos mineros en San Juan, donde diversos sectores sociales, econ\u00f3micos y pol\u00edticos coinciden en la necesidad de profundizar los estudios t\u00e9cnicos antes de definir el rumbo de una iniciativa que podr\u00eda transformar la din\u00e1mica productiva de la regi\u00f3n.<\/p>\n<p>&nbsp;<\/p>\n","protected":false},"excerpt":{"rendered":"<p>\u00a0San Juan-RD En medio de un debate cada vez m\u00e1s intenso sobre el futuro del&#8230;<\/p>\n","protected":false},"author":3,"featured_media":5068,"comment_status":"open","ping_status":"open","sticky":false,"template":"","format":"standard","meta":{"footnotes":""},"categories":[2,5],"tags":[],"class_list":["post-5067","post","type-post","status-publish","format-standard","has-post-thumbnail","hentry","category-nacionales","category-portada"],"_links":{"self":[{"href":"https:\/\/elviajero.com.do\/index.php\/wp-json\/wp\/v2\/posts\/5067","targetHints":{"allow":["GET"]}}],"collection":[{"href":"https:\/\/elviajero.com.do\/index.php\/wp-json\/wp\/v2\/posts"}],"about":[{"href":"https:\/\/elviajero.com.do\/index.php\/wp-json\/wp\/v2\/types\/post"}],"author":[{"embeddable":true,"href":"https:\/\/elviajero.com.do\/index.php\/wp-json\/wp\/v2\/users\/3"}],"replies":[{"embeddable":true,"href":"https:\/\/elviajero.com.do\/index.php\/wp-json\/wp\/v2\/comments?post=5067"}],"version-history":[{"count":1,"href":"https:\/\/elviajero.com.do\/index.php\/wp-json\/wp\/v2\/posts\/5067\/revisions"}],"predecessor-version":[{"id":5069,"href":"https:\/\/elviajero.com.do\/index.php\/wp-json\/wp\/v2\/posts\/5067\/revisions\/5069"}],"wp:featuredmedia":[{"embeddable":true,"href":"https:\/\/elviajero.com.do\/index.php\/wp-json\/wp\/v2\/media\/5068"}],"wp:attachment":[{"href":"https:\/\/elviajero.com.do\/index.php\/wp-json\/wp\/v2\/media?parent=5067"}],"wp:term":[{"taxonomy":"category","embeddable":true,"href":"https:\/\/elviajero.com.do\/index.php\/wp-json\/wp\/v2\/categories?post=5067"},{"taxonomy":"post_tag","embeddable":true,"href":"https:\/\/elviajero.com.do\/index.php\/wp-json\/wp\/v2\/tags?post=5067"}],"curies":[{"name":"wp","href":"https:\/\/api.w.org\/{rel}","templated":true}]}}