{"id":5071,"date":"2026-04-30T16:56:41","date_gmt":"2026-04-30T20:56:41","guid":{"rendered":"https:\/\/elviajero.com.do\/?p=5071"},"modified":"2026-04-30T16:56:41","modified_gmt":"2026-04-30T20:56:41","slug":"venezuela-y-eeuu-retoman-vuelos-directos-tras-siete-anos-de-ruptura","status":"publish","type":"post","link":"https:\/\/elviajero.com.do\/index.php\/2026\/04\/30\/venezuela-y-eeuu-retoman-vuelos-directos-tras-siete-anos-de-ruptura\/","title":{"rendered":"Venezuela y EE:UU retoman vuelos directos tras siete a\u00f1os de ruptura"},"content":{"rendered":"<p>&nbsp;<\/p>\n<p data-start=\"107\" data-end=\"520\">Caracas.<br \/>\nEn una escena cargada de simbolismo y expectativas, el rugido de un avi\u00f3n marc\u00f3 este jueves el inicio de una nueva etapa entre Venezuela y Estados Unidos.<\/p>\n<p>\u00a0La aeronave de American Airlines, procedente de Miami, toc\u00f3 tierra en el Aeropuerto Internacional Sim\u00f3n Bol\u00edvar poco despu\u00e9s del mediod\u00eda, convirti\u00e9ndose en el primer vuelo comercial directo entre ambas naciones en siete a\u00f1os.<\/p>\n<p data-start=\"522\" data-end=\"975\">El aterrizaje, ocurrido alrededor de la 1:30 de la tarde, no fue un simple movimiento log\u00edstico. Fue, para muchos, el cierre de un largo per\u00edodo de aislamiento a\u00e9reo que oblig\u00f3 a miles de venezolanos a realizar rutas complejas, con escalas en terceros pa\u00edses, para poder viajar.<\/p>\n<p>\u00a0Ahora, ese trayecto se reduce a poco m\u00e1s de tres horas, devolviendo la conexi\u00f3n directa entre dos territorios hist\u00f3ricamente vinculados.<\/p>\n<p data-start=\"977\" data-end=\"1251\">La reanudaci\u00f3n del servicio ocurre apenas semanas despu\u00e9s del restablecimiento de las relaciones diplom\u00e1ticas entre Caracas y Washington, un giro que ha comenzado a reflejarse en distintos \u00e1mbitos, desde la pol\u00edtica hasta el comercio.<\/p>\n<p data-start=\"1253\" data-end=\"1682\">El vuelo inaugural tambi\u00e9n tuvo un marcado matiz pol\u00edtico y econ\u00f3mico. A bordo viajaba una delegaci\u00f3n estadounidense encabezada por el funcionario Jarrod Agen, quien sostendr\u00e1 encuentros con autoridades venezolanas y representantes de los sectores energ\u00e9tico y minero, en lo que se perfila como un primer paso para reactivar inversiones y operaciones empresariales en el pa\u00eds sudamericano.<\/p>\n<p data-start=\"1684\" data-end=\"2030\"><img loading=\"lazy\" decoding=\"async\" class=\"alignnone size-full wp-image-5073\" src=\"https:\/\/elviajero.com.do\/wp-content\/uploads\/2026\/04\/american-airlines-reconecta-a-venezuela-con-estados-unidos-es-un-dia-historico-para-ambos-paises-60100jpg-198267.jpg\" alt=\"\" width=\"900\" height=\"506\" srcset=\"https:\/\/elviajero.com.do\/wp-content\/uploads\/2026\/04\/american-airlines-reconecta-a-venezuela-con-estados-unidos-es-un-dia-historico-para-ambos-paises-60100jpg-198267.jpg 900w, https:\/\/elviajero.com.do\/wp-content\/uploads\/2026\/04\/american-airlines-reconecta-a-venezuela-con-estados-unidos-es-un-dia-historico-para-ambos-paises-60100jpg-198267-300x169.jpg 300w, https:\/\/elviajero.com.do\/wp-content\/uploads\/2026\/04\/american-airlines-reconecta-a-venezuela-con-estados-unidos-es-un-dia-historico-para-ambos-paises-60100jpg-198267-768x432.jpg 768w\" sizes=\"auto, (max-width: 900px) 100vw, 900px\" \/><\/p>\n<p data-start=\"1684\" data-end=\"2030\">La decisi\u00f3n de reabrir esta ruta se hab\u00eda anunciado desde enero, cuando el entonces presidente Donald Trump instruy\u00f3 a su gobierno a permitir nuevamente el tr\u00e1fico a\u00e9reo comercial hacia Venezuela, tras a\u00f1os de restricciones impuestas por razones de seguridad y tensiones pol\u00edticas.<\/p>\n<p data-start=\"2032\" data-end=\"2515\">En el aeropuerto de Maiquet\u00eda, el ambiente fue de celebraci\u00f3n. Autoridades, trabajadores aeroportuarios y pasajeros recibieron la aeronave con el tradicional arco de agua.<\/p>\n<p>Mientras banderas de ambos pa\u00edses ondeaban como se\u00f1al de una reconciliaci\u00f3n a\u00fan en construcci\u00f3n. Para los viajeros, el momento tuvo un significado profundamente personal: el reencuentro con sus familias y la posibilidad de viajar sin las dificultades del pasado reciente.<\/p>\n<p data-start=\"2517\" data-end=\"2868\">La suspensi\u00f3n de estos vuelos en 2019 hab\u00eda sido consecuencia directa del deterioro de las relaciones bilaterales y de preocupaciones en materia de seguridad. Hoy, su reanudaci\u00f3n simboliza no solo la apertura de una ruta a\u00e9rea, sino tambi\u00e9n el intento de reconstruir puentes econ\u00f3micos, sociales y diplom\u00e1ticos.<\/p>\n<p data-start=\"2870\" data-end=\"3167\">Con planes de operar vuelos diarios e incluso aumentar frecuencias en las pr\u00f3ximas semanas, esta nueva conexi\u00f3n promete movilizar a decenas de miles de pasajeros al a\u00f1o y dinamizar sectores clave como el turismo, los negocios y la cooperaci\u00f3n internacional.<\/p>\n<p data-start=\"3169\" data-end=\"3359\">As\u00ed, entre aplausos, expectativas y cautela, el cielo volvi\u00f3 a unir a dos pa\u00edses que durante a\u00f1os permanecieron distantes, marcando el inicio de un cap\u00edtulo que apenas comienza a escribirse.<\/p>\n<p>&nbsp;<\/p>\n","protected":false},"excerpt":{"rendered":"<p>&nbsp; Caracas. En una escena cargada de simbolismo y expectativas, el rugido de un avi\u00f3n&#8230;<\/p>\n","protected":false},"author":3,"featured_media":5072,"comment_status":"open","ping_status":"open","sticky":false,"template":"","format":"standard","meta":{"footnotes":""},"categories":[4,5],"tags":[],"class_list":["post-5071","post","type-post","status-publish","format-standard","has-post-thumbnail","hentry","category-internacionales","category-portada"],"_links":{"self":[{"href":"https:\/\/elviajero.com.do\/index.php\/wp-json\/wp\/v2\/posts\/5071","targetHints":{"allow":["GET"]}}],"collection":[{"href":"https:\/\/elviajero.com.do\/index.php\/wp-json\/wp\/v2\/posts"}],"about":[{"href":"https:\/\/elviajero.com.do\/index.php\/wp-json\/wp\/v2\/types\/post"}],"author":[{"embeddable":true,"href":"https:\/\/elviajero.com.do\/index.php\/wp-json\/wp\/v2\/users\/3"}],"replies":[{"embeddable":true,"href":"https:\/\/elviajero.com.do\/index.php\/wp-json\/wp\/v2\/comments?post=5071"}],"version-history":[{"count":1,"href":"https:\/\/elviajero.com.do\/index.php\/wp-json\/wp\/v2\/posts\/5071\/revisions"}],"predecessor-version":[{"id":5074,"href":"https:\/\/elviajero.com.do\/index.php\/wp-json\/wp\/v2\/posts\/5071\/revisions\/5074"}],"wp:featuredmedia":[{"embeddable":true,"href":"https:\/\/elviajero.com.do\/index.php\/wp-json\/wp\/v2\/media\/5072"}],"wp:attachment":[{"href":"https:\/\/elviajero.com.do\/index.php\/wp-json\/wp\/v2\/media?parent=5071"}],"wp:term":[{"taxonomy":"category","embeddable":true,"href":"https:\/\/elviajero.com.do\/index.php\/wp-json\/wp\/v2\/categories?post=5071"},{"taxonomy":"post_tag","embeddable":true,"href":"https:\/\/elviajero.com.do\/index.php\/wp-json\/wp\/v2\/tags?post=5071"}],"curies":[{"name":"wp","href":"https:\/\/api.w.org\/{rel}","templated":true}]}}