{"id":5078,"date":"2026-04-30T17:20:42","date_gmt":"2026-04-30T21:20:42","guid":{"rendered":"https:\/\/elviajero.com.do\/?p=5078"},"modified":"2026-04-30T17:20:48","modified_gmt":"2026-04-30T21:20:48","slug":"embajadora-de-ee-uu-acoge-ceremonia-de-bendicion-de-su-residencia-y-presenta-coleccion-arte-en-embajadas","status":"publish","type":"post","link":"https:\/\/elviajero.com.do\/index.php\/2026\/04\/30\/embajadora-de-ee-uu-acoge-ceremonia-de-bendicion-de-su-residencia-y-presenta-coleccion-arte-en-embajadas\/","title":{"rendered":"Embajadora de EE.UU. acoge ceremonia de bendici\u00f3n de su residencia y presenta colecci\u00f3n \"Arte en Embajadas\""},"content":{"rendered":"<p><strong>Santo Domingo, D.N.\u2013<\/strong><\/p>\n<p>En una ceremonia solemne y de alto contenido simb\u00f3lico, la embajadora de los Estados Unidos en la Rep\u00fablica Dominicana, Leah Francis Campos, encabez\u00f3 <strong>la bendici\u00f3n de su residencia oficial<\/strong>, con la presencia de la primera dama de la Rep\u00fablica, Raquel Arbaje, la vicepresidenta Raquel Pe\u00f1a, as\u00ed como representantes de la Iglesia cat\u00f3lica, del Gobierno dominicano, del cuerpo diplom\u00e1tico y destacadas figuras de los sectores cultural, acad\u00e9mico y empresarial.<\/p>\n<p>Durante sus palabras de bienvenida, la embajadora expres\u00f3 su gratitud por la ocasi\u00f3n y el acompa\u00f1amiento de los presentes: \u201cEsta noche es, sin duda, la recepci\u00f3n m\u00e1s importante que celebrar\u00e9 como embajadora de los Estados Unidos en el pa\u00eds, y me siento profundamente bendecida y honrada de que el padre Soriano haya aceptado bendecir esta residencia, p\u00e1rroco que me dio la bendici\u00f3n el mismo d\u00eda de mi llegada a este hermoso pa\u00eds\u201d.<\/p>\n<p>La bendici\u00f3n fue oficiada por el reverendo padre David Soriano, p\u00e1rroco de la Catedral Primada de Am\u00e9rica, en un acto de profundo recogimiento espiritual que incluy\u00f3 oraciones, lecturas y la aspersi\u00f3n de agua bendita.<\/p>\n<p>En el marco de la actividad, se present\u00f3 la colecci\u00f3n <strong>Arte en Embajadas<\/strong>, una cuidada selecci\u00f3n de obras que, en palabras de la embajadora, conecta la experiencia humana con lo trascendente: \u201cLos seres humanos han buscado esa conexi\u00f3n con Dios a trav\u00e9s de la verdad y la belleza, expresadas de manera especialmente adecuada en el arte y la m\u00fasica\u201d.<\/p>\n<p>Los invitados tambi\u00e9n tuvieron acceso a un cat\u00e1logo digital de las obras. Entre las piezas destacan trabajos ic\u00f3nicos como Tattered Banner de Jasper Johns, que explora s\u00edmbolos universales como la bandera estadounidense, as\u00ed como interpretaciones vibrantes de la Estatua de la Libertad por el artista pop Peter Max, y trabajos contempor\u00e1neos influenciados por el arte urbano y la cultura global, como los de Marc Lipp.<\/p>\n<p>La velada concluy\u00f3 con un espacio de intercambio entre los invitados, consolidando la diplomacia cultural como herramienta clave para fortalecer los lazos entre los Estados Unidos y la Rep\u00fablica Dominicana.<\/p>\n<p><strong>Sobre Arte en Embajadas<\/strong><\/p>\n<p>Durante m\u00e1s de seis d\u00e9cadas, el programa Arte en Embajadas del Departamento de Estado de los Estados Unidos ha promovido el di\u00e1logo intercultural a trav\u00e9s de las artes visuales. Presente en m\u00e1s de 200 sedes en 189 pa\u00edses, involucra a miles de artistas e instituciones, organizando exposiciones y colecciones permanentes que fomentan el entendimiento entre naciones y comunidades alrededor del mundo.<\/p>\n<p>&nbsp;<\/p>\n","protected":false},"excerpt":{"rendered":"<p>Santo Domingo, D.N.\u2013 En una ceremonia solemne y de alto contenido simb\u00f3lico, la embajadora de&#8230;<\/p>\n","protected":false},"author":3,"featured_media":5079,"comment_status":"open","ping_status":"open","sticky":false,"template":"","format":"standard","meta":{"footnotes":""},"categories":[2,5],"tags":[],"class_list":["post-5078","post","type-post","status-publish","format-standard","has-post-thumbnail","hentry","category-nacionales","category-portada"],"_links":{"self":[{"href":"https:\/\/elviajero.com.do\/index.php\/wp-json\/wp\/v2\/posts\/5078","targetHints":{"allow":["GET"]}}],"collection":[{"href":"https:\/\/elviajero.com.do\/index.php\/wp-json\/wp\/v2\/posts"}],"about":[{"href":"https:\/\/elviajero.com.do\/index.php\/wp-json\/wp\/v2\/types\/post"}],"author":[{"embeddable":true,"href":"https:\/\/elviajero.com.do\/index.php\/wp-json\/wp\/v2\/users\/3"}],"replies":[{"embeddable":true,"href":"https:\/\/elviajero.com.do\/index.php\/wp-json\/wp\/v2\/comments?post=5078"}],"version-history":[{"count":1,"href":"https:\/\/elviajero.com.do\/index.php\/wp-json\/wp\/v2\/posts\/5078\/revisions"}],"predecessor-version":[{"id":5080,"href":"https:\/\/elviajero.com.do\/index.php\/wp-json\/wp\/v2\/posts\/5078\/revisions\/5080"}],"wp:featuredmedia":[{"embeddable":true,"href":"https:\/\/elviajero.com.do\/index.php\/wp-json\/wp\/v2\/media\/5079"}],"wp:attachment":[{"href":"https:\/\/elviajero.com.do\/index.php\/wp-json\/wp\/v2\/media?parent=5078"}],"wp:term":[{"taxonomy":"category","embeddable":true,"href":"https:\/\/elviajero.com.do\/index.php\/wp-json\/wp\/v2\/categories?post=5078"},{"taxonomy":"post_tag","embeddable":true,"href":"https:\/\/elviajero.com.do\/index.php\/wp-json\/wp\/v2\/tags?post=5078"}],"curies":[{"name":"wp","href":"https:\/\/api.w.org\/{rel}","templated":true}]}}