{"id":5092,"date":"2026-05-01T14:02:08","date_gmt":"2026-05-01T18:02:08","guid":{"rendered":"https:\/\/elviajero.com.do\/?p=5092"},"modified":"2026-05-01T14:02:08","modified_gmt":"2026-05-01T18:02:08","slug":"migracion-deporto-de-124-mil-haitianos-entre-enero-y-abril","status":"publish","type":"post","link":"https:\/\/elviajero.com.do\/index.php\/2026\/05\/01\/migracion-deporto-de-124-mil-haitianos-entre-enero-y-abril\/","title":{"rendered":"Migracion deport\u00f3 de 124 mil haitianos entre enero y abril"},"content":{"rendered":"<p>Santo Domingo-RD<\/p>\n<p>El director general de la <strong>Direcci\u00f3n General de Migraci\u00f3n <\/strong>(DGM), <strong>Luis Rafael Lee Ballester<\/strong>, inform\u00f3 este jueves que en los primeros cuatro meses del a\u00f1o en curso han sido repatriados \u201cunos 124 mil\u201d ciudadanos haitianos, al tiempo que calific\u00f3 como \u201c<strong>insignificante<\/strong>\u201d la inversi\u00f3n del <strong>Estado dominicano<\/strong> al rLuego de ser cuestionado sobre la cantidad de nacionales haitianos devueltos a su pa\u00eds, el funcionario precis\u00f3 que la cifra es aproximada y corresponde al per\u00edodo enero-abril del a\u00f1o en curso.<\/p>\n<p>Asimismo, al hablar de los recursos destinados a estas acciones, inform\u00f3 a <strong>List\u00edn Diario <\/strong>que en la actualidad se est\u00e1 trabajando en estructurar el sistema de copio y la gesti\u00f3n migratoria, lo que implica diferentes \u00e1reas operativas como servicios agropecuarios y portuarios, adem\u00e1s de migraci\u00f3n.<\/p>\n<p>\u201c<strong>Verdaderamente es una inversi\u00f3n insignificante<\/strong>\u201d, afirm\u00f3 Lee Ballester, al destacar que el enfoque est\u00e1 eEstas declaraciones fueron ofrecidas tras la misa celebrada por el<strong> 87 aniversario <\/strong>de la Direcci\u00f3n General de Migraci\u00f3n en la <strong>Catedral Primada de Am\u00e9rica<\/strong>.<\/p>\n<p>La actividad form\u00f3 parte de diferentes <strong>actos conmemorativos<\/strong> realizados por la DGM, en los que se destac\u00f3 su compromiso con la defensa de los intereses nacionales y la aplicaci\u00f3n de las pol\u00edticas migratorias vigentes.<\/p>\n<p>Durante el acto, autoridades civiles y militares participaron en una eucarist\u00eda de acci\u00f3n de gracias, seguida de una ofrenda floral en el<strong> Altar de la Patria<\/strong>.<\/p>\n<p>Al culminar la misa, Lee Ballester expres\u00f3 su satisfacci\u00f3n por los logros alcanzados durante su gesti\u00f3n, y subray\u00f3 la modernizaci\u00f3n de los procesos y el estricto cumplimiento del marco legal seguir\u00e1n siendo pilares fundamentales para garantizar una pol\u00edtica migratoria m\u00e1s organizada y efectiva en la Rep\u00fablica Dominicana.<\/p>\n<p>&nbsp;<\/p>\n","protected":false},"excerpt":{"rendered":"<p>Santo Domingo-RD El director general de la Direcci\u00f3n General de Migraci\u00f3n (DGM), Luis Rafael Lee&#8230;<\/p>\n","protected":false},"author":3,"featured_media":5093,"comment_status":"open","ping_status":"open","sticky":false,"template":"","format":"standard","meta":{"footnotes":""},"categories":[2,5],"tags":[],"class_list":["post-5092","post","type-post","status-publish","format-standard","has-post-thumbnail","hentry","category-nacionales","category-portada"],"_links":{"self":[{"href":"https:\/\/elviajero.com.do\/index.php\/wp-json\/wp\/v2\/posts\/5092","targetHints":{"allow":["GET"]}}],"collection":[{"href":"https:\/\/elviajero.com.do\/index.php\/wp-json\/wp\/v2\/posts"}],"about":[{"href":"https:\/\/elviajero.com.do\/index.php\/wp-json\/wp\/v2\/types\/post"}],"author":[{"embeddable":true,"href":"https:\/\/elviajero.com.do\/index.php\/wp-json\/wp\/v2\/users\/3"}],"replies":[{"embeddable":true,"href":"https:\/\/elviajero.com.do\/index.php\/wp-json\/wp\/v2\/comments?post=5092"}],"version-history":[{"count":1,"href":"https:\/\/elviajero.com.do\/index.php\/wp-json\/wp\/v2\/posts\/5092\/revisions"}],"predecessor-version":[{"id":5094,"href":"https:\/\/elviajero.com.do\/index.php\/wp-json\/wp\/v2\/posts\/5092\/revisions\/5094"}],"wp:featuredmedia":[{"embeddable":true,"href":"https:\/\/elviajero.com.do\/index.php\/wp-json\/wp\/v2\/media\/5093"}],"wp:attachment":[{"href":"https:\/\/elviajero.com.do\/index.php\/wp-json\/wp\/v2\/media?parent=5092"}],"wp:term":[{"taxonomy":"category","embeddable":true,"href":"https:\/\/elviajero.com.do\/index.php\/wp-json\/wp\/v2\/categories?post=5092"},{"taxonomy":"post_tag","embeddable":true,"href":"https:\/\/elviajero.com.do\/index.php\/wp-json\/wp\/v2\/tags?post=5092"}],"curies":[{"name":"wp","href":"https:\/\/api.w.org\/{rel}","templated":true}]}}