{"id":5109,"date":"2026-05-01T17:31:03","date_gmt":"2026-05-01T21:31:03","guid":{"rendered":"https:\/\/elviajero.com.do\/?p=5109"},"modified":"2026-05-01T17:31:30","modified_gmt":"2026-05-01T21:31:30","slug":"global-x-aterriza-en-maiquetia-inicio-oficialmente-la-ruta-miami","status":"publish","type":"post","link":"https:\/\/elviajero.com.do\/index.php\/2026\/05\/01\/global-x-aterriza-en-maiquetia-inicio-oficialmente-la-ruta-miami\/","title":{"rendered":"Global X aterriza en Maiquet\u00eda: Inici\u00f3 oficialmente la ruta Miami-"},"content":{"rendered":"<p><strong>\u00a0Caracas.-\u00a0Venezuela <\/strong><\/p>\n<p>Este viernes, el Aeropuerto Internacional de Maiquet\u00eda \"Sim\u00f3n Bol\u00edvar\" recibi\u00f3 el primer vuelo comercial de la ruta Miami-Caracas operado por la aerol\u00ednea estadounidense Global X, en alianza estrat\u00e9gica con la compa\u00f1\u00eda venezolana Laser Airlines.<\/p>\n<p>La aeronave despeg\u00f3 desde la ciudad de Miami a las 7:30 de la ma\u00f1ana (11:30 GMT) y toc\u00f3 suelo venezolano a las 10:18 de la ma\u00f1ana.<\/p>\n<p>Seg\u00fan los registros del terminal a\u00e9reo de Maiquet\u00eda, el arribo se prLaser Airlines detall\u00f3 recientemente que los viajes directos entre ambas ciudades mantendr\u00e1n una frecuencia diaria.<\/p>\n<p>Las operaciones se realizan en un avi\u00f3n Airbus A320, el cual cuenta con una capacidad para 150 pasajeros, cit\u00f3 Efe.<\/p>\n<p>Con este inicio de operaciones, Laser se suma a la oferta de transporte a\u00e9reo que lidera American Airlines, empresa que reactiv\u00f3 la ruta Miami-Caracas apenas este jueves, marcando formalmente el fin de un periodo de siete a\u00f1os sin conexi\u00f3n a\u00e9rea directa entre ambas naciones.<\/p>\n<p>El restablecimiento de estos servicios fue posible luego de que el Departamento de Transporte de Estados Unidos aprobara en marzo la reanudaci\u00f3n de las operaciones hacia los aeropuertos de Maiquet\u00eda y Maracaibo.<\/p>\n<p>Referencia geogr\u00e1fica<\/p>\n<p>&nbsp;<\/p>\n<p>Previo a la autorizaci\u00f3n definitiva, la Administraci\u00f3n de Seguridad en el Transporte (TSA por sus siglas en ingl\u00e9s) llev\u00f3 a cabo rigurosas inspecciones t\u00e9cnicas en las instalaciones de la capital venezolana.<\/p>\n<p>odujo con 27 minutos de antelaci\u00f3n respecto al itinerario originalmente programado.<\/p>\n","protected":false},"excerpt":{"rendered":"<p>\u00a0Caracas.-\u00a0Venezuela Este viernes, el Aeropuerto Internacional de Maiquet\u00eda \"Sim\u00f3n Bol\u00edvar\" recibi\u00f3 el primer vuelo comercial&#8230;<\/p>\n","protected":false},"author":3,"featured_media":5110,"comment_status":"open","ping_status":"open","sticky":false,"template":"","format":"standard","meta":{"footnotes":""},"categories":[4,5],"tags":[],"class_list":["post-5109","post","type-post","status-publish","format-standard","has-post-thumbnail","hentry","category-internacionales","category-portada"],"_links":{"self":[{"href":"https:\/\/elviajero.com.do\/index.php\/wp-json\/wp\/v2\/posts\/5109","targetHints":{"allow":["GET"]}}],"collection":[{"href":"https:\/\/elviajero.com.do\/index.php\/wp-json\/wp\/v2\/posts"}],"about":[{"href":"https:\/\/elviajero.com.do\/index.php\/wp-json\/wp\/v2\/types\/post"}],"author":[{"embeddable":true,"href":"https:\/\/elviajero.com.do\/index.php\/wp-json\/wp\/v2\/users\/3"}],"replies":[{"embeddable":true,"href":"https:\/\/elviajero.com.do\/index.php\/wp-json\/wp\/v2\/comments?post=5109"}],"version-history":[{"count":1,"href":"https:\/\/elviajero.com.do\/index.php\/wp-json\/wp\/v2\/posts\/5109\/revisions"}],"predecessor-version":[{"id":5111,"href":"https:\/\/elviajero.com.do\/index.php\/wp-json\/wp\/v2\/posts\/5109\/revisions\/5111"}],"wp:featuredmedia":[{"embeddable":true,"href":"https:\/\/elviajero.com.do\/index.php\/wp-json\/wp\/v2\/media\/5110"}],"wp:attachment":[{"href":"https:\/\/elviajero.com.do\/index.php\/wp-json\/wp\/v2\/media?parent=5109"}],"wp:term":[{"taxonomy":"category","embeddable":true,"href":"https:\/\/elviajero.com.do\/index.php\/wp-json\/wp\/v2\/categories?post=5109"},{"taxonomy":"post_tag","embeddable":true,"href":"https:\/\/elviajero.com.do\/index.php\/wp-json\/wp\/v2\/tags?post=5109"}],"curies":[{"name":"wp","href":"https:\/\/api.w.org\/{rel}","templated":true}]}}