{"id":514,"date":"2025-09-03T12:04:36","date_gmt":"2025-09-03T16:04:36","guid":{"rendered":"https:\/\/elviajero.com.do\/?p=514"},"modified":"2025-09-03T12:04:55","modified_gmt":"2025-09-03T16:04:55","slug":"tigres-del-licey-anuncian-inicio-de-entrenamientos-rumbo-a-la-temporada-2025-26","status":"publish","type":"post","link":"https:\/\/elviajero.com.do\/index.php\/2025\/09\/03\/tigres-del-licey-anuncian-inicio-de-entrenamientos-rumbo-a-la-temporada-2025-26\/","title":{"rendered":"Tigres del Licey anuncian inicio de entrenamientos rumbo a la temporada 2025-26"},"content":{"rendered":"<p><strong>\u00a0Santo Domingo-RD<\/strong><\/p>\n<p>Los Tigres del Licey, m\u00e1ximos campeones de la Liga de B\u00e9isbol Profesional de la Rep\u00fablica Dominicana con 24 coronas nacionales, anunciaron el inicio oficial de sus entrenamientos con miras a la temporada 2025-26, que estar\u00e1 dedicada al legendario lanzador e inmortal de Cooperstown, <strong>Juan Marichal<\/strong>.<\/p>\n<p>La primera cita para el conjunto azul ser\u00e1 el <strong>lunes 22 de septiembre<\/strong>, fecha en la que lanzadores y receptores deber\u00e1n reportarse al campo de entrenamientos. Posteriormente, el <strong>jueves 25<\/strong>, se unir\u00e1n los jugadores de las dem\u00e1s posiciones para completar el roster en preparaci\u00f3n al torneo invernal.<\/p>\n<p>Las pr\u00e1cticas se llevar\u00e1n a cabo en la <strong>academia de la International Prospect League (IPL)<\/strong>, ubicada en la comunidad de El Toro, municipio de Guerra, donde la organizaci\u00f3n busca establecer un plan de preparaci\u00f3n integral que permita al equipo llegar en plena forma al campeonato. En los pr\u00f3ximos d\u00edas, la directiva dar\u00e1 a conocer el calendario de juegos de pretemporada.<\/p>\n<p>El campamento ser\u00e1 dirigido por el dirigente <strong>Gilbert G\u00f3mez<\/strong>, quien estar\u00e1 acompa\u00f1ado de un s\u00f3lido cuerpo t\u00e9cnico integrado por <strong>H\u00e9ctor Borg<\/strong> (asistente del manager), <strong>Jos\u00e9 Umbr\u00eda<\/strong> (coach de bateo), <strong>Edgar Varela<\/strong> (coordinador de ofensiva), <strong>Gerardo Casadiego<\/strong> (coach de pitcheo), <strong>Anderson Hern\u00e1ndez<\/strong> (coach de infield), y <strong>Carlos Lugo<\/strong> (control de calidad).<\/p>\n<p>De igual forma, el equipo anunci\u00f3 la participaci\u00f3n de <strong>Fidel Pe\u00f1a<\/strong>, actual dirigente de la sucursal Doble-A de los Cerveceros de Milwaukee, como coordinador de la liga paralela, junto a sus asistentes <strong>Devin Fujioka<\/strong> y <strong>Vladimir P\u00e9rez<\/strong>, adem\u00e1s del personal m\u00e9dico que ya hab\u00eda sido confirmado.<\/p>\n<p>Los Tigres del Licey debutar\u00e1n en la temporada invernal el <strong>15 de octubre<\/strong>, cuando se medir\u00e1n a sus archirrivales, los <strong>Leones del Escogido<\/strong>, en el partido inaugural del torneo 2025-26, en lo que promete ser otra edici\u00f3n vibrante del b\u00e9isbol oto\u00f1o-invernal dominicano.<\/p>\n<p>&nbsp;<\/p>\n","protected":false},"excerpt":{"rendered":"<p>\u00a0Santo Domingo-RD Los Tigres del Licey, m\u00e1ximos campeones de la Liga de B\u00e9isbol Profesional de&#8230;<\/p>\n","protected":false},"author":3,"featured_media":515,"comment_status":"open","ping_status":"open","sticky":false,"template":"","format":"standard","meta":{"footnotes":""},"categories":[1],"tags":[],"class_list":["post-514","post","type-post","status-publish","format-standard","has-post-thumbnail","hentry","category-deportes"],"_links":{"self":[{"href":"https:\/\/elviajero.com.do\/index.php\/wp-json\/wp\/v2\/posts\/514","targetHints":{"allow":["GET"]}}],"collection":[{"href":"https:\/\/elviajero.com.do\/index.php\/wp-json\/wp\/v2\/posts"}],"about":[{"href":"https:\/\/elviajero.com.do\/index.php\/wp-json\/wp\/v2\/types\/post"}],"author":[{"embeddable":true,"href":"https:\/\/elviajero.com.do\/index.php\/wp-json\/wp\/v2\/users\/3"}],"replies":[{"embeddable":true,"href":"https:\/\/elviajero.com.do\/index.php\/wp-json\/wp\/v2\/comments?post=514"}],"version-history":[{"count":1,"href":"https:\/\/elviajero.com.do\/index.php\/wp-json\/wp\/v2\/posts\/514\/revisions"}],"predecessor-version":[{"id":516,"href":"https:\/\/elviajero.com.do\/index.php\/wp-json\/wp\/v2\/posts\/514\/revisions\/516"}],"wp:featuredmedia":[{"embeddable":true,"href":"https:\/\/elviajero.com.do\/index.php\/wp-json\/wp\/v2\/media\/515"}],"wp:attachment":[{"href":"https:\/\/elviajero.com.do\/index.php\/wp-json\/wp\/v2\/media?parent=514"}],"wp:term":[{"taxonomy":"category","embeddable":true,"href":"https:\/\/elviajero.com.do\/index.php\/wp-json\/wp\/v2\/categories?post=514"},{"taxonomy":"post_tag","embeddable":true,"href":"https:\/\/elviajero.com.do\/index.php\/wp-json\/wp\/v2\/tags?post=514"}],"curies":[{"name":"wp","href":"https:\/\/api.w.org\/{rel}","templated":true}]}}