{"id":605,"date":"2025-09-05T16:55:29","date_gmt":"2025-09-05T20:55:29","guid":{"rendered":"https:\/\/elviajero.com.do\/?p=605"},"modified":"2025-09-06T16:55:29","modified_gmt":"2025-09-06T20:55:29","slug":"juan-ariel-jimenez-ya-habia-advertido-el-alza-del-dolar-era-inminente","status":"publish","type":"post","link":"https:\/\/elviajero.com.do\/index.php\/2025\/09\/05\/juan-ariel-jimenez-ya-habia-advertido-el-alza-del-dolar-era-inminente\/","title":{"rendered":"Juan Ariel Jim\u00e9nez ya hab\u00eda advertido el alza del d\u00f3lar era inminente"},"content":{"rendered":"<p>El economista y profesor de Harvard, Juan Ariel Jim\u00e9nez, advirti\u00f3 a inicios del a\u00f1o 2025 que el d\u00f3lar en Rep\u00fablica Dominicana podr\u00eda alcanzar los RD$65. Hoy, esa proyecci\u00f3n se confirma con cifras: la moneda estadounidense se cotiza ya en RD$64, su precio m\u00e1s alto en la historia reciente.<\/p>\n<p>En febrero, Jim\u00e9nez explic\u00f3 que el fen\u00f3meno respond\u00eda a la pol\u00edtica monetaria restrictiva en Estados Unidos y al aumento de la demanda de d\u00f3lares en el pa\u00eds. Entonces afirm\u00f3: \u201cEl d\u00f3lar podr\u00eda llegar a RD$65 en los pr\u00f3ximos meses\u201d.<\/p>\n<p>El ex ministro de econom\u00eda tambi\u00e9n se\u00f1al\u00f3 que el Banco Central enfrentaba una dif\u00edcil paradoja: mantener la estabilidad cambiaria conlleva altos costos econ\u00f3micos, en un contexto internacional de tasas elevadas.<\/p>\n<p><strong>La realidad de septiembre: r\u00e9cord hist\u00f3rico<\/strong><\/p>\n<p>Jim\u00e9nez explic\u00f3 que desde el jueves en los bancos del pa\u00eds la divisa se comercializa entre RD$63,85 a RD$64,05 y que la jornada del d\u00f3lar ha alcanzado un r\u00e9cord\u00a0tras superar su techo hist\u00f3rico de cambio de los 63.25 pesos por unidad.<\/p>\n<p>Se\u00f1al\u00f3 que, de acuerdo con cifras del Banco Central, en el \u00faltimo mes el peso dominicano se ha depreciado un 4 %, pasando de RD$61,31 a principios de agosto a RD$63,79 a inicios de septiembre. Mientras que, en el \u00faltimo a\u00f1o, la p\u00e9rdida de valor frente al d\u00f3lar alcanza un 6,3 %.<\/p>\n<p>Aclar\u00f3 que esto es consecuencia de altas tasas de inter\u00e9s en Estados Unidos y no es reflejo de problemas econ\u00f3micos en el pa\u00eds.<\/p>\n<p>Puntualiz\u00f3 que la depreciaci\u00f3n tambi\u00e9n se ha adelantado a las proyecciones oficiales: el Banco Central hab\u00eda estimado que para 2026 la tasa promedio rondar\u00eda los RD$63,79, una cifra que ya fue alcanzada este mes.<\/p>\n","protected":false},"excerpt":{"rendered":"<p>El economista y profesor de Harvard, Juan Ariel Jim\u00e9nez, advirti\u00f3 a inicios del a\u00f1o 2025&#8230;<\/p>\n","protected":false},"author":3,"featured_media":606,"comment_status":"open","ping_status":"open","sticky":false,"template":"","format":"standard","meta":{"footnotes":""},"categories":[2],"tags":[],"class_list":["post-605","post","type-post","status-publish","format-standard","has-post-thumbnail","hentry","category-nacionales"],"_links":{"self":[{"href":"https:\/\/elviajero.com.do\/index.php\/wp-json\/wp\/v2\/posts\/605","targetHints":{"allow":["GET"]}}],"collection":[{"href":"https:\/\/elviajero.com.do\/index.php\/wp-json\/wp\/v2\/posts"}],"about":[{"href":"https:\/\/elviajero.com.do\/index.php\/wp-json\/wp\/v2\/types\/post"}],"author":[{"embeddable":true,"href":"https:\/\/elviajero.com.do\/index.php\/wp-json\/wp\/v2\/users\/3"}],"replies":[{"embeddable":true,"href":"https:\/\/elviajero.com.do\/index.php\/wp-json\/wp\/v2\/comments?post=605"}],"version-history":[{"count":1,"href":"https:\/\/elviajero.com.do\/index.php\/wp-json\/wp\/v2\/posts\/605\/revisions"}],"predecessor-version":[{"id":607,"href":"https:\/\/elviajero.com.do\/index.php\/wp-json\/wp\/v2\/posts\/605\/revisions\/607"}],"wp:featuredmedia":[{"embeddable":true,"href":"https:\/\/elviajero.com.do\/index.php\/wp-json\/wp\/v2\/media\/606"}],"wp:attachment":[{"href":"https:\/\/elviajero.com.do\/index.php\/wp-json\/wp\/v2\/media?parent=605"}],"wp:term":[{"taxonomy":"category","embeddable":true,"href":"https:\/\/elviajero.com.do\/index.php\/wp-json\/wp\/v2\/categories?post=605"},{"taxonomy":"post_tag","embeddable":true,"href":"https:\/\/elviajero.com.do\/index.php\/wp-json\/wp\/v2\/tags?post=605"}],"curies":[{"name":"wp","href":"https:\/\/api.w.org\/{rel}","templated":true}]}}