{"id":692,"date":"2025-09-08T17:41:42","date_gmt":"2025-09-08T21:41:42","guid":{"rendered":"https:\/\/elviajero.com.do\/?p=692"},"modified":"2025-09-08T17:41:57","modified_gmt":"2025-09-08T21:41:57","slug":"ee-uu-prolonga-hasta-2026-la-prohibicion-de-vuelos-hacia-puerto-principe-por-violencia-de-bandas","status":"publish","type":"post","link":"https:\/\/elviajero.com.do\/index.php\/2025\/09\/08\/ee-uu-prolonga-hasta-2026-la-prohibicion-de-vuelos-hacia-puerto-principe-por-violencia-de-bandas\/","title":{"rendered":"EE.UU. prolonga hasta 2026 la prohibici\u00f3n de vuelos hacia Puerto Pr\u00edncipe por violencia de bandas"},"content":{"rendered":"<p>&nbsp;<\/p>\n<p data-start=\"170\" data-end=\"415\">Washington. \u2013<\/p>\n<p>La Administraci\u00f3n Federal de Aviaci\u00f3n (FAA) de Estados Unidos anunci\u00f3 la extensi\u00f3n, hasta el 7 de marzo de 2026, de la prohibici\u00f3n que impide a las aerol\u00edneas estadounidenses operar vuelos hacia Puerto Pr\u00edncipe, capital de Hait\u00ed.<\/p>\n<p data-start=\"417\" data-end=\"856\">La medida, que inicialmente fue adoptada como respuesta a la crisis de seguridad que vive el pa\u00eds caribe\u00f1o, se fundamenta en la persistente amenaza de las bandas criminales que mantienen el control sobre gran parte de la ciudad y sus alrededores.<\/p>\n<p>\u00a0Seg\u00fan el organismo, dichas organizaciones poseen la capacidad de atacar aeronaves en operaciones de aterrizaje y despegue, lo que representa un riesgo directo para tripulaciones y pasajeros.<\/p>\n<p data-start=\"858\" data-end=\"1128\">La prohibici\u00f3n se aplica a todas las compa\u00f1\u00edas a\u00e9reas con licencia estadounidense, lo que limita a\u00fan m\u00e1s la ya precaria conectividad a\u00e9rea con Hait\u00ed, sumido en una crisis social, pol\u00edtica y econ\u00f3mica que ha provocado el \u00e9xodo de miles de personas en los \u00faltimos meses.<\/p>\n<p data-start=\"1130\" data-end=\"1560\">Expertos en aviaci\u00f3n se\u00f1alan que esta decisi\u00f3n tendr\u00e1 un fuerte impacto en la movilidad de la di\u00e1spora haitiana radicada en Estados Unidos, que suele utilizar las rutas directas hacia Puerto Pr\u00edncipe para visitar a sus familiares.<\/p>\n<p>De igual modo, organismos de ayuda humanitaria temen que la restricci\u00f3n complique a\u00fan m\u00e1s el traslado de personal y suministros en momentos en que el pa\u00eds enfrenta una aguda emergencia humanitaria.<\/p>\n<p data-start=\"1562\" data-end=\"1809\">Con esta pr\u00f3rroga, Washington env\u00eda un mensaje claro sobre la gravedad de la situaci\u00f3n de seguridad en Hait\u00ed, advirtiendo que no existen, de momento, las condiciones m\u00ednimas para restablecer la normalidad en el transporte a\u00e9reo hacia su capital.<\/p>\n<p>&nbsp;<\/p>\n","protected":false},"excerpt":{"rendered":"<p>&nbsp; Washington. \u2013 La Administraci\u00f3n Federal de Aviaci\u00f3n (FAA) de Estados Unidos anunci\u00f3 la extensi\u00f3n,&#8230;<\/p>\n","protected":false},"author":3,"featured_media":693,"comment_status":"open","ping_status":"open","sticky":false,"template":"","format":"standard","meta":{"footnotes":""},"categories":[5],"tags":[],"class_list":["post-692","post","type-post","status-publish","format-standard","has-post-thumbnail","hentry","category-portada"],"_links":{"self":[{"href":"https:\/\/elviajero.com.do\/index.php\/wp-json\/wp\/v2\/posts\/692","targetHints":{"allow":["GET"]}}],"collection":[{"href":"https:\/\/elviajero.com.do\/index.php\/wp-json\/wp\/v2\/posts"}],"about":[{"href":"https:\/\/elviajero.com.do\/index.php\/wp-json\/wp\/v2\/types\/post"}],"author":[{"embeddable":true,"href":"https:\/\/elviajero.com.do\/index.php\/wp-json\/wp\/v2\/users\/3"}],"replies":[{"embeddable":true,"href":"https:\/\/elviajero.com.do\/index.php\/wp-json\/wp\/v2\/comments?post=692"}],"version-history":[{"count":1,"href":"https:\/\/elviajero.com.do\/index.php\/wp-json\/wp\/v2\/posts\/692\/revisions"}],"predecessor-version":[{"id":694,"href":"https:\/\/elviajero.com.do\/index.php\/wp-json\/wp\/v2\/posts\/692\/revisions\/694"}],"wp:featuredmedia":[{"embeddable":true,"href":"https:\/\/elviajero.com.do\/index.php\/wp-json\/wp\/v2\/media\/693"}],"wp:attachment":[{"href":"https:\/\/elviajero.com.do\/index.php\/wp-json\/wp\/v2\/media?parent=692"}],"wp:term":[{"taxonomy":"category","embeddable":true,"href":"https:\/\/elviajero.com.do\/index.php\/wp-json\/wp\/v2\/categories?post=692"},{"taxonomy":"post_tag","embeddable":true,"href":"https:\/\/elviajero.com.do\/index.php\/wp-json\/wp\/v2\/tags?post=692"}],"curies":[{"name":"wp","href":"https:\/\/api.w.org\/{rel}","templated":true}]}}