{"id":7519,"date":"2026-08-30T13:13:32","date_gmt":"2026-08-30T17:13:32","guid":{"rendered":"https:\/\/elviajero.com.do\/?p=7519"},"modified":"2026-08-30T13:13:32","modified_gmt":"2026-08-30T17:13:32","slug":"coe-activa-alerta-verde-por-onda-tropical","status":"publish","type":"post","link":"https:\/\/elviajero.com.do\/index.php\/2026\/08\/30\/coe-activa-alerta-verde-por-onda-tropical\/","title":{"rendered":"COE activa alerta verde por onda tropical"},"content":{"rendered":"<p>&nbsp;<\/p>\n<p><strong>Santo Domingo, RD.<\/strong>\u2013<\/p>\n<p>El Centro de Operaciones de Emergencias (COE) coloc\u00f3 siete provincias en <strong>alerta verde<\/strong> debido a la incidencia de una onda tropical que estar\u00e1 provocando condiciones de inestabilidad atmosf\u00e9rica durante las pr\u00f3ximas horas, con posibilidad de aguaceros, tormentas el\u00e9ctricas y r\u00e1fagas de viento.<\/p>\n<p>Entre las zonas bajo vigilancia se encuentra el <strong>Gran Santo Domingo<\/strong>, donde las autoridades exhortaron a la poblaci\u00f3n a mantenerse atenta a los boletines oficiales y adoptar las medidas preventivas necesarias ante posibles episodios de lluvias de moderadas a fuertes.<\/p>\n<p>El fen\u00f3meno atmosf\u00e9rico favorecer\u00e1 el desarrollo de nublados y precipitaciones sobre distintos puntos del territorio nacional, principalmente durante las horas de la tarde y primeras horas de la noche. Estas condiciones podr\u00edan generar acumulaciones de agua en calles y avenidas, as\u00ed como afectar la visibilidad y el tr\u00e1nsito vehicular.<\/p>\n<p>El COE mantiene la alerta verde como una medida preventiva ante la posibilidad de que las lluvias incrementen los niveles de r\u00edos, arroyos y ca\u00f1adas, especialmente en comunidades vulnerables a inundaciones repentinas.<\/p>\n<p>Las autoridades recomendaron a la ciudadan\u00eda evitar cruzar r\u00edos, arroyos y ca\u00f1adas con altos niveles de agua, tanto a pie como en veh\u00edculos, debido al riesgo que representan las crecidas s\u00fabitas.<\/p>\n<p>Asimismo, se exhort\u00f3 a quienes se desplacen por carreteras y v\u00edas urbanas a conducir con prudencia, reducir la velocidad durante los aguaceros y mantenerse atentos a las condiciones de las v\u00edas.<\/p>\n<p>La presencia de la onda tropical tambi\u00e9n podr\u00eda estar acompa\u00f1ada de <strong>r\u00e1fagas de viento<\/strong>, por lo que se recomienda asegurar objetos que puedan ser desplazados y tomar precauciones en zonas donde existan \u00e1rboles, postes del tendido el\u00e9ctrico o estructuras vulnerables.<\/p>\n<p>El organismo de emergencia indic\u00f3 que continuar\u00e1 dando seguimiento a la evoluci\u00f3n del fen\u00f3meno y no descart\u00f3 modificaciones en los niveles de alerta en caso de que las condiciones meteorol\u00f3gicas as\u00ed lo requieran.<\/p>\n<p>Ante este panorama, los organismos de socorro y las instituciones que integran el sistema de emergencias permanecen atentos para responder ante cualquier eventualidad que pueda producirse como consecuencia de las lluvias.<\/p>\n<p>El COE record\u00f3 que la poblaci\u00f3n debe mantenerse informada a trav\u00e9s de los canales oficiales y evitar difundir informaciones no verificadas que puedan generar confusi\u00f3n.<\/p>\n<p>Las autoridades meteorol\u00f3gicas continuar\u00e1n monitoreando el desplazamiento de la onda tropical y su interacci\u00f3n con las condiciones atmosf\u00e9ricas sobre Rep\u00fablica Dominicana, mientras se espera que los aguaceros y las r\u00e1fagas de viento persistan de manera ocasional durante las pr\u00f3ximas horas.<\/p>\n<p>&nbsp;<\/p>\n","protected":false},"excerpt":{"rendered":"<p>&nbsp; Santo Domingo, RD.\u2013 El Centro de Operaciones de Emergencias (COE) coloc\u00f3 siete provincias en&#8230;<\/p>\n","protected":false},"author":3,"featured_media":7520,"comment_status":"open","ping_status":"open","sticky":false,"template":"","format":"standard","meta":{"footnotes":""},"categories":[2,5],"tags":[],"class_list":["post-7519","post","type-post","status-publish","format-standard","has-post-thumbnail","hentry","category-nacionales","category-portada"],"_links":{"self":[{"href":"https:\/\/elviajero.com.do\/index.php\/wp-json\/wp\/v2\/posts\/7519","targetHints":{"allow":["GET"]}}],"collection":[{"href":"https:\/\/elviajero.com.do\/index.php\/wp-json\/wp\/v2\/posts"}],"about":[{"href":"https:\/\/elviajero.com.do\/index.php\/wp-json\/wp\/v2\/types\/post"}],"author":[{"embeddable":true,"href":"https:\/\/elviajero.com.do\/index.php\/wp-json\/wp\/v2\/users\/3"}],"replies":[{"embeddable":true,"href":"https:\/\/elviajero.com.do\/index.php\/wp-json\/wp\/v2\/comments?post=7519"}],"version-history":[{"count":1,"href":"https:\/\/elviajero.com.do\/index.php\/wp-json\/wp\/v2\/posts\/7519\/revisions"}],"predecessor-version":[{"id":7521,"href":"https:\/\/elviajero.com.do\/index.php\/wp-json\/wp\/v2\/posts\/7519\/revisions\/7521"}],"wp:featuredmedia":[{"embeddable":true,"href":"https:\/\/elviajero.com.do\/index.php\/wp-json\/wp\/v2\/media\/7520"}],"wp:attachment":[{"href":"https:\/\/elviajero.com.do\/index.php\/wp-json\/wp\/v2\/media?parent=7519"}],"wp:term":[{"taxonomy":"category","embeddable":true,"href":"https:\/\/elviajero.com.do\/index.php\/wp-json\/wp\/v2\/categories?post=7519"},{"taxonomy":"post_tag","embeddable":true,"href":"https:\/\/elviajero.com.do\/index.php\/wp-json\/wp\/v2\/tags?post=7519"}],"curies":[{"name":"wp","href":"https:\/\/api.w.org\/{rel}","templated":true}]}}