{"id":7527,"date":"2026-08-30T13:38:29","date_gmt":"2026-08-30T17:38:29","guid":{"rendered":"https:\/\/elviajero.com.do\/?p=7527"},"modified":"2026-08-30T13:38:35","modified_gmt":"2026-08-30T17:38:35","slug":"chavistas-rechazan-presencia-de-eeuu-exigen-liberta-de-maduro","status":"publish","type":"post","link":"https:\/\/elviajero.com.do\/index.php\/2026\/08\/30\/chavistas-rechazan-presencia-de-eeuu-exigen-liberta-de-maduro\/","title":{"rendered":"Chavistas rechazan presencia de EEUU; exigen liberta de Maduro"},"content":{"rendered":"<p>Caracas, 30 de agosto (EFE).-<\/p>\n<p>Decenas de chavistas protestaron este s\u00e1bado en el centro de Caracas por la presencia de Estados Unidos en Venezuela y exigieron la liberaci\u00f3n de Nicol\u00e1s Maduro y Cilia Flores, capturados el pasado 3 de enero por tropas estadounidenses.<\/p>\n<p>\u00abNosotros hemos definido que nuestro enemigo verdadero es el imperialismo yankee y el sionismo (en referencia a Israel) y sus ac\u00f3litos en Venezuela\u00bb, dijo Humberto Vargas, miembro del Frente Popular Antiimperialista\u00a0 en manifestaci\u00f3n, en la que los participantes acusaron al mandatario Donald Trump de \u00abasesino\u00bb.<\/p>\n<p>Durante la protesta, cercana a la sede de la Asamblea Nacional (AN, Parlamento),\u00a0 entregaron un manifiesto a los peatones que transitaban el lugar en el que tambi\u00e9n <a href=\"https:\/\/efe.com\/mundo\/2026-08-29\/oposicion-chavismo-dialogo-venezuela\/\">rechazan el proceso de di\u00e1logo con un sector de la oposici\u00f3n, encabezado por la exdiputada Dinorah Figuera.<\/a><\/p>\n<p>A su juicio, la negociaci\u00f3n es una \u00abtrampa tutelada\u00bb por Estados Unidos para imponer el \u00abplan trazado\u00bb por Trump tras el ataque militar del pasado 3 de enero en Caracas y otras regiones cercanas.<\/p>\n<p>Vargas asegur\u00f3 que se mantendr\u00e1n en la calle rechazando al imperialismo y a\u00f1adi\u00f3 que discutir\u00e1n pr\u00f3ximamente el alcance del acuerdo petrolero anunciado el viernes, con el que Washington controlar\u00e1 m\u00e1s del 20 % de las reservas de crudo venezolano<\/p>\n<p><strong>EL ACUERDO PETROLERO<\/strong><\/p>\n<p>El viernes, la presidenta encargada de Venezuela, Delcy Rodr\u00edguez, confirm\u00f3\u00a0<a href=\"https:\/\/efe.com\/economia\/2026-08-29\/trump-anuncia-mayor-acuerdo-petrolero-historia-mundial-venezuela\/\">el \u00abhist\u00f3rico acuerdo\u00bb petrolero con Estados Unidos<\/a>\u00a0y agradeci\u00f3 \u00abaltamente\u00bb a Trump y al secretario de Estado estadounidense, Marco Rubio, por \u00absu disposici\u00f3n en el desarrollo\u00bb de una alianza que describi\u00f3 como \u00abun hito hist\u00f3rico en las relaciones bilaterales\u00bb.<\/p>\n<p>En un comunicado, la l\u00edder chavista asever\u00f3 que el acuerdo, anunciado primero por Trump, permitir\u00e1 \u00abincrementar considerablemente la producci\u00f3n de petr\u00f3leo con la participaci\u00f3n de operadores privados\u00bb.<\/p>\n<p>&nbsp;<\/p>\n","protected":false},"excerpt":{"rendered":"<p>Caracas, 30 de agosto (EFE).- Decenas de chavistas protestaron este s\u00e1bado en el centro de&#8230;<\/p>\n","protected":false},"author":3,"featured_media":7528,"comment_status":"open","ping_status":"open","sticky":false,"template":"","format":"standard","meta":{"footnotes":""},"categories":[4,5],"tags":[],"class_list":["post-7527","post","type-post","status-publish","format-standard","has-post-thumbnail","hentry","category-internacionales","category-portada"],"_links":{"self":[{"href":"https:\/\/elviajero.com.do\/index.php\/wp-json\/wp\/v2\/posts\/7527","targetHints":{"allow":["GET"]}}],"collection":[{"href":"https:\/\/elviajero.com.do\/index.php\/wp-json\/wp\/v2\/posts"}],"about":[{"href":"https:\/\/elviajero.com.do\/index.php\/wp-json\/wp\/v2\/types\/post"}],"author":[{"embeddable":true,"href":"https:\/\/elviajero.com.do\/index.php\/wp-json\/wp\/v2\/users\/3"}],"replies":[{"embeddable":true,"href":"https:\/\/elviajero.com.do\/index.php\/wp-json\/wp\/v2\/comments?post=7527"}],"version-history":[{"count":1,"href":"https:\/\/elviajero.com.do\/index.php\/wp-json\/wp\/v2\/posts\/7527\/revisions"}],"predecessor-version":[{"id":7529,"href":"https:\/\/elviajero.com.do\/index.php\/wp-json\/wp\/v2\/posts\/7527\/revisions\/7529"}],"wp:featuredmedia":[{"embeddable":true,"href":"https:\/\/elviajero.com.do\/index.php\/wp-json\/wp\/v2\/media\/7528"}],"wp:attachment":[{"href":"https:\/\/elviajero.com.do\/index.php\/wp-json\/wp\/v2\/media?parent=7527"}],"wp:term":[{"taxonomy":"category","embeddable":true,"href":"https:\/\/elviajero.com.do\/index.php\/wp-json\/wp\/v2\/categories?post=7527"},{"taxonomy":"post_tag","embeddable":true,"href":"https:\/\/elviajero.com.do\/index.php\/wp-json\/wp\/v2\/tags?post=7527"}],"curies":[{"name":"wp","href":"https:\/\/api.w.org\/{rel}","templated":true}]}}