{"id":7540,"date":"2026-08-30T19:01:26","date_gmt":"2026-08-30T23:01:26","guid":{"rendered":"https:\/\/elviajero.com.do\/?p=7540"},"modified":"2026-08-30T19:03:37","modified_gmt":"2026-08-30T23:03:37","slug":"aumentan-provincias-en-alerta-por-onda-tropical","status":"publish","type":"post","link":"https:\/\/elviajero.com.do\/index.php\/2026\/08\/30\/aumentan-provincias-en-alerta-por-onda-tropical\/","title":{"rendered":"\u00a0Aumentan provincias en alerta por onda tropical"},"content":{"rendered":"<p>El Centro de Operaciones de Emergencia (<strong>COE<\/strong>) inform\u00f3 que por la onda tropical que incide en Rep\u00fablica Dominicana se prev\u00e9n lluvias con posibles acumulados de 50 a 75 mil\u00edmetros en varias provincias, que podr\u00edan generar inundaciones urbanas en zonas bajas y v\u00edas de tr\u00e1nsito.<\/p>\n<p>Por estos aguaceros incrementaron las provincias en alerta verde:\u00a0<strong>Santo Domingo<\/strong>, Distrito Nacional, El Seibo, Hato Mayor, La Altagracia, La Romana, Monte Plata, Saman\u00e1, San Crist\u00f3bal, San Pedro de Macor\u00eds y S\u00e1nchez Ram\u00edrez.<\/p>\n<p>El COE recomienda a la poblaci\u00f3n en el informe que se mantenga<strong> alejada de ca\u00f1adas, r\u00edos u otros espacios que tengan estructuras inestables <\/strong>que puedan ponerlos en peligro.<\/p>\n<p>El Instituto Dominicano de Meteorolog\u00eda (Indomet) indic\u00f3 que las condiciones mar\u00edtimas son de vientos y olas en la costa atl\u00e1ntica, desde Cabo Enga\u00f1o hasta Cabo Franc\u00e9s Viejo; llama a mantener las embarcaciones peque\u00f1as y medianas en los puertos o cerca del per\u00edmetro costero sin aventurarse mar adentro.<\/p>\n<p>&nbsp;<\/p>\n","protected":false},"excerpt":{"rendered":"<p>El Centro de Operaciones de Emergencia (COE) inform\u00f3 que por la onda tropical que incide&#8230;<\/p>\n","protected":false},"author":3,"featured_media":7541,"comment_status":"open","ping_status":"open","sticky":false,"template":"","format":"standard","meta":{"footnotes":""},"categories":[2,5],"tags":[],"class_list":["post-7540","post","type-post","status-publish","format-standard","has-post-thumbnail","hentry","category-nacionales","category-portada"],"_links":{"self":[{"href":"https:\/\/elviajero.com.do\/index.php\/wp-json\/wp\/v2\/posts\/7540","targetHints":{"allow":["GET"]}}],"collection":[{"href":"https:\/\/elviajero.com.do\/index.php\/wp-json\/wp\/v2\/posts"}],"about":[{"href":"https:\/\/elviajero.com.do\/index.php\/wp-json\/wp\/v2\/types\/post"}],"author":[{"embeddable":true,"href":"https:\/\/elviajero.com.do\/index.php\/wp-json\/wp\/v2\/users\/3"}],"replies":[{"embeddable":true,"href":"https:\/\/elviajero.com.do\/index.php\/wp-json\/wp\/v2\/comments?post=7540"}],"version-history":[{"count":1,"href":"https:\/\/elviajero.com.do\/index.php\/wp-json\/wp\/v2\/posts\/7540\/revisions"}],"predecessor-version":[{"id":7542,"href":"https:\/\/elviajero.com.do\/index.php\/wp-json\/wp\/v2\/posts\/7540\/revisions\/7542"}],"wp:featuredmedia":[{"embeddable":true,"href":"https:\/\/elviajero.com.do\/index.php\/wp-json\/wp\/v2\/media\/7541"}],"wp:attachment":[{"href":"https:\/\/elviajero.com.do\/index.php\/wp-json\/wp\/v2\/media?parent=7540"}],"wp:term":[{"taxonomy":"category","embeddable":true,"href":"https:\/\/elviajero.com.do\/index.php\/wp-json\/wp\/v2\/categories?post=7540"},{"taxonomy":"post_tag","embeddable":true,"href":"https:\/\/elviajero.com.do\/index.php\/wp-json\/wp\/v2\/tags?post=7540"}],"curies":[{"name":"wp","href":"https:\/\/api.w.org\/{rel}","templated":true}]}}