{"id":7546,"date":"2026-08-30T19:22:39","date_gmt":"2026-08-30T23:22:39","guid":{"rendered":"https:\/\/elviajero.com.do\/?p=7546"},"modified":"2026-08-30T19:25:50","modified_gmt":"2026-08-30T23:25:50","slug":"edgar-feliz-reafirma-su-proyecto-senatorial-y-llama-a-la-unidad-por-barahona","status":"publish","type":"post","link":"https:\/\/elviajero.com.do\/index.php\/2026\/08\/30\/edgar-feliz-reafirma-su-proyecto-senatorial-y-llama-a-la-unidad-por-barahona\/","title":{"rendered":"Edgar F\u00e9liz reafirma su proyecto senatorial y llama a la unidad por Barahona"},"content":{"rendered":"<p>BARAHONA.RD<\/p>\n<p>El presidente provincial del Partido Revolucionario Moderno (PRM), Edgar Augusto F\u00e9liz Arbona, ratific\u00f3 sus aspiraciones a la senadur\u00eda por la provincia de Barahona y afirm\u00f3 que su prop\u00f3sito es transformar la representaci\u00f3n legislativa y promover desde el Congreso Nacional un desarrollo real y sostenible para la provincia.<\/p>\n<p>F\u00e9liz Arbona sostuvo que su proyecto pol\u00edtico no responde a una aspiraci\u00f3n circunstancial, sino a una vocaci\u00f3n de servicio y a un compromiso permanente con Barahona y sus comunidades.<\/p>\n<p>\u201cMe siento bien. Yo soy de los que lucha siempre. Lo m\u00edo no es casual, es mi vocaci\u00f3n. Estamos de pie, luchando como un roble; esto no es un capricho\u201d, manifest\u00f3.<\/p>\n<p>Durante un encuentro con periodistas, comunicadores, blogueros y locutores de la provincia, el dirigente pol\u00edtico explic\u00f3 que una de sus principales prioridades ser\u00e1 lograr que las verdaderas necesidades de Barahona sean tomadas en cuenta en las discusiones del Presupuesto General del Estado.<\/p>\n<p>El tambi\u00e9n Direcci\u00f3n Asistencia Social y Alimentaci\u00f3n Comunitaria (DASAC), se\u00f1al\u00f3 que, desde el Senado de la Rep\u00fablica, reclamar\u00eda con firmeza las obras de infraestructura que requiere la provincia, al tiempo que trabajar\u00eda de manera coordinada con los diferentes ministerios para viabilizar proyectos de impacto social.<\/p>\n<p>Asimismo, asegur\u00f3 que impulsar\u00e1 iniciativas legislativas orientadas a mejorar las condiciones de vida de la poblaci\u00f3n y a promover oportunidades de desarrollo para los distintos sectores de Barahona.<\/p>\n<p>En el marco del encuentro, F\u00e9liz Arbona solicit\u00f3 el respaldo de las bases del PRM y de la sociedad barahonera para consolidar su proyecto pol\u00edtico, al tiempo que present\u00f3 parte de la estructura que estar\u00e1 al frente de los trabajos de su candidatura.<\/p>\n<p><img loading=\"lazy\" decoding=\"async\" class=\"alignnone size-large wp-image-7550\" src=\"https:\/\/elviajero.com.do\/wp-content\/uploads\/2026\/08\/thumbnail-27-1024x576.jpg\" alt=\"\" width=\"640\" height=\"360\" srcset=\"https:\/\/elviajero.com.do\/wp-content\/uploads\/2026\/08\/thumbnail-27-1024x576.jpg 1024w, https:\/\/elviajero.com.do\/wp-content\/uploads\/2026\/08\/thumbnail-27-300x169.jpg 300w, https:\/\/elviajero.com.do\/wp-content\/uploads\/2026\/08\/thumbnail-27-768x432.jpg 768w, https:\/\/elviajero.com.do\/wp-content\/uploads\/2026\/08\/thumbnail-27.jpg 1080w\" sizes=\"auto, (max-width: 640px) 100vw, 640px\" \/><\/p>\n<p>Anunci\u00f3 adem\u00e1s que el exalcalde de Barahona, Noel Suberv\u00ed (Tavito), asumir\u00e1 la jefatura de campa\u00f1a de su proyecto senatorial\u201cHago un llamado a trabajar juntos por Barahona, en unidad y con la mirada puesta en las soluciones que nuestra gente necesita\u201d, expres\u00f3 F\u00e9liz Arbona al concluir sus declaraciones.<\/p>\n<p>Al encuentro asistieron, entre otras personalidades, el director ejecutivo del Instituto para el Desarrollo del Suroeste (INDESUR), Noel Suberv\u00ed Nin; el alcalde de Barahona, M\u00edctor Fern\u00e1ndez; el diputado Aquiles Ledesma; el gerente de la sucursal Barahona del Banco Agr\u00edcola, Jos\u00e9 L\u00f3pez; el director regional de INAPA, Elson Pe\u00f1a; y el exdirector de la UASD Recinto Barahona, Manuel de la Cruz Fern\u00e1ndez.<\/p>\n<p>Tambi\u00e9n estuvieron presentes Daniela Guerrero, el director del Distrito Escolar 01-03, Nelson Espinosa; V\u00edctor Melo, Junior Medina, Ana Dolores B\u00e1ez, Lino G\u00f3mez (Lino Jhon), Darlin Cuevas, Yilbert Jim\u00e9nez, la ex regidora Jackeline S\u00e1nchez entre otros.<\/p>\n<p>&nbsp;<\/p>\n","protected":false},"excerpt":{"rendered":"<p>BARAHONA.RD El presidente provincial del Partido Revolucionario Moderno (PRM), Edgar Augusto F\u00e9liz Arbona, ratific\u00f3 sus&#8230;<\/p>\n","protected":false},"author":3,"featured_media":7547,"comment_status":"open","ping_status":"open","sticky":false,"template":"","format":"standard","meta":{"footnotes":""},"categories":[2,5],"tags":[],"class_list":["post-7546","post","type-post","status-publish","format-standard","has-post-thumbnail","hentry","category-nacionales","category-portada"],"_links":{"self":[{"href":"https:\/\/elviajero.com.do\/index.php\/wp-json\/wp\/v2\/posts\/7546","targetHints":{"allow":["GET"]}}],"collection":[{"href":"https:\/\/elviajero.com.do\/index.php\/wp-json\/wp\/v2\/posts"}],"about":[{"href":"https:\/\/elviajero.com.do\/index.php\/wp-json\/wp\/v2\/types\/post"}],"author":[{"embeddable":true,"href":"https:\/\/elviajero.com.do\/index.php\/wp-json\/wp\/v2\/users\/3"}],"replies":[{"embeddable":true,"href":"https:\/\/elviajero.com.do\/index.php\/wp-json\/wp\/v2\/comments?post=7546"}],"version-history":[{"count":4,"href":"https:\/\/elviajero.com.do\/index.php\/wp-json\/wp\/v2\/posts\/7546\/revisions"}],"predecessor-version":[{"id":7552,"href":"https:\/\/elviajero.com.do\/index.php\/wp-json\/wp\/v2\/posts\/7546\/revisions\/7552"}],"wp:featuredmedia":[{"embeddable":true,"href":"https:\/\/elviajero.com.do\/index.php\/wp-json\/wp\/v2\/media\/7547"}],"wp:attachment":[{"href":"https:\/\/elviajero.com.do\/index.php\/wp-json\/wp\/v2\/media?parent=7546"}],"wp:term":[{"taxonomy":"category","embeddable":true,"href":"https:\/\/elviajero.com.do\/index.php\/wp-json\/wp\/v2\/categories?post=7546"},{"taxonomy":"post_tag","embeddable":true,"href":"https:\/\/elviajero.com.do\/index.php\/wp-json\/wp\/v2\/tags?post=7546"}],"curies":[{"name":"wp","href":"https:\/\/api.w.org\/{rel}","templated":true}]}}