{"id":7565,"date":"2026-08-31T13:25:33","date_gmt":"2026-08-31T17:25:33","guid":{"rendered":"https:\/\/elviajero.com.do\/?p=7565"},"modified":"2026-08-31T13:25:46","modified_gmt":"2026-08-31T17:25:46","slug":"trece-heridos-tras-choque-de-autobus-en-aeropuerto-de-newark","status":"publish","type":"post","link":"https:\/\/elviajero.com.do\/index.php\/2026\/08\/31\/trece-heridos-tras-choque-de-autobus-en-aeropuerto-de-newark\/","title":{"rendered":"Trece heridos tras choque de autob\u00fas en aeropuerto de Newark"},"content":{"rendered":"<div class=\"\" data-turn-id-container=\"b853aa6c-ba13-4067-8342-7d5b29b86a4f\" data-is-intersecting=\"true\">\n<section class=\"text-token-text-primary w-full focus:outline-none has-data-writing-block:pointer-events-none [&amp;:has([data-writing-block])&gt;*]:pointer-events-auto R6Vx5W_threadScrollVars scroll-mb-[calc(var(--scroll-root-safe-area-inset-bottom,0px)+var(--thread-response-height))] scroll-mt-(--sticky-padding-top)\" dir=\"auto\" data-turn-id=\"b853aa6c-ba13-4067-8342-7d5b29b86a4f\" data-turn-id-container=\"b853aa6c-ba13-4067-8342-7d5b29b86a4f\" data-testid=\"conversation-turn-1\" data-turn=\"user\">\n<div class=\"text-base my-auto mx-auto pt-3 [--thread-content-margin:var(--thread-content-margin-xs,calc(var(--spacing)*4))] @w-sm\/main:[--thread-content-margin:var(--thread-content-margin-sm,calc(var(--spacing)*6))] @w-lg\/main:[--thread-content-margin:var(--thread-content-margin-lg,calc(var(--spacing)*16))] px-(--thread-content-margin)\">\n<div class=\"[--thread-content-max-width:40rem] @w-lg\/main:[--thread-content-max-width:48rem] mx-auto max-w-(--thread-content-max-width) flex-1 group\/turn-messages focus-visible:outline-hidden relative flex w-full min-w-0 flex-col\" data-conversation-screenshot-content=\"\">\n<div class=\"flex max-w-full flex-col gap-4 grow\">\n<div class=\"min-h-8 text-message relative flex w-full flex-col items-end gap-2 text-start break-words whitespace-normal outline-none keyboard-focused:focus-ring [.text-message+&amp;]:mt-1\" dir=\"auto\" data-message-author-role=\"user\" data-message-id=\"b853aa6c-ba13-4067-8342-7d5b29b86a4f\">\n<div class=\"flex w-full flex-col gap-1 empty:hidden items-end rtl:items-start\">\n<div class=\"flex w-fit max-w-(--user-chat-width,70%) flex-col items-start self-end rtl:items-end rtl:self-start\">\n<div class=\"contents w-full\">\n<div class=\"corner-superellipse\/0.98 relative min-w-0 overflow-hidden rounded-[22px] px-4 py-2.5 leading-6 user-message-bubble-color w-full\">\n<div class=\"A_HxFq_root\" data-custom-highlighting-behavior=\"boundary\" data-collapsed=\"\" data-testid=\"collapsible-user-message-root\" data-can-expand=\"\">\n<div id=\"_r_ql_\" class=\"A_HxFq_content\" data-testid=\"collapsible-user-message-content\">\n<div class=\"markdown prose dark:prose-invert wrap-break-word light markdown-new-styling fbskMG_root _0QcAJW_root\">\n<p><strong data-start=\"66\" data-end=\"89\">Nueva York, EE. UU.<\/strong> \u2014<\/p>\n<p>Trece personas resultaron heridas, tres de ellas de gravedad, luego de que un autob\u00fas lanzadera utilizado para transportar empleados del aeropuerto chocara contra un muro de hormig\u00f3n durante las primeras horas de este lunes en el Aeropuerto Internacional Newark Liberty, en Nueva Jersey.<\/p>\n<\/div>\n<\/div>\n<\/div>\n<\/div>\n<\/div>\n<\/div>\n<\/div>\n<\/div>\n<\/div>\n<\/div>\n<\/div>\n<\/section>\n<\/div>\n<div class=\"\" data-turn-id-container=\"request-WEB:f23ef26d-4408-436a-bffb-06647c271db2-0\" data-is-intersecting=\"true\">\n<section class=\"text-token-text-primary w-full focus:outline-none has-data-writing-block:pointer-events-none [&amp;:has([data-writing-block])&gt;*]:pointer-events-auto R6Vx5W_threadScrollVars scroll-mb-[calc(var(--scroll-root-safe-area-inset-bottom,0px)+var(--thread-response-height))] scroll-mt-[calc(var(--header-height)+min(200px,max(70px,20svh)))]\" dir=\"auto\" data-turn-id=\"request-WEB:f23ef26d-4408-436a-bffb-06647c271db2-0\" data-turn-id-container=\"request-WEB:f23ef26d-4408-436a-bffb-06647c271db2-0\" data-testid=\"conversation-turn-2\" data-turn=\"assistant\">\n<div class=\"text-base my-auto mx-auto pb-8 [--thread-content-margin:var(--thread-content-margin-xs,calc(var(--spacing)*4))] @w-sm\/main:[--thread-content-margin:var(--thread-content-margin-sm,calc(var(--spacing)*6))] @w-lg\/main:[--thread-content-margin:var(--thread-content-margin-lg,calc(var(--spacing)*16))] px-(--thread-content-margin)\">\n<div class=\"[--thread-content-max-width:40rem] @w-lg\/main:[--thread-content-max-width:48rem] mx-auto max-w-(--thread-content-max-width) flex-1 group\/turn-messages focus-visible:outline-hidden relative flex w-full min-w-0 flex-col agent-turn\" data-conversation-screenshot-content=\"\">\n<div class=\"flex max-w-full flex-col gap-4 grow\">\n<div class=\"min-h-8 text-message relative flex w-full flex-col items-end gap-2 text-start break-words whitespace-normal outline-none keyboard-focused:focus-ring [.text-message+&amp;]:mt-1\" dir=\"auto\" tabindex=\"0\" data-message-author-role=\"assistant\" data-message-id=\"7bad224f-1c87-4580-8663-a23a14b70082\" data-turn-start-message=\"true\" data-message-model-slug=\"gpt-5-6\">\n<div class=\"flex w-full flex-col gap-1 empty:hidden\">\n<div class=\"fbskMG_root yWcLfW_streamingContainer markdown prose dark:prose-invert wrap-break-word w-full light markdown-new-styling\">\n<p data-start=\"381\" data-end=\"727\">El accidente se produjo alrededor de las <strong data-start=\"422\" data-end=\"446\">3:00 de la madrugada<\/strong>, hora local, en la v\u00eda correspondiente al <strong data-start=\"489\" data-end=\"539\">nivel 3 de la zona de salidas de la Terminal B<\/strong>, una de las \u00e1reas de acceso utilizadas diariamente por empleados y pasajeros del importante aeropuerto que sirve al \u00e1rea metropolitana de Nueva York.<\/p>\n<p data-start=\"729\" data-end=\"1173\">De acuerdo con los primeros informes suministrados por las autoridades, el autob\u00fas habr\u00eda <strong data-start=\"819\" data-end=\"899\">subido a un bordillo antes de impactar contra una barrera o muro de concreto<\/strong>. El fuerte choque provoc\u00f3 importantes da\u00f1os en la parte frontal del veh\u00edculo, cuyo parabrisas qued\u00f3 destrozado, mientras que tambi\u00e9n se observaron da\u00f1os en una de las zonas laterales y en el \u00e1rea pr\u00f3xima a una de las ruedas delanteras.<\/p>\n<p data-start=\"1175\" data-end=\"1442\">La magnitud del impacto oblig\u00f3 a movilizar r\u00e1pidamente a equipos de emergencia, incluyendo agentes de la <strong data-start=\"1280\" data-end=\"1332\">Autoridad Portuaria de Nueva York y Nueva Jersey<\/strong>, as\u00ed como personal m\u00e9dico y de ambulancias, quienes acudieron al lugar para atender a las personas afectadas.<\/p>\n<p data-start=\"1444\" data-end=\"1805\">Las autoridades confirmaron que <strong data-start=\"1476\" data-end=\"1513\">13 personas resultaron lesionadas<\/strong>. Tres de ellas sufrieron heridas consideradas graves, aunque los reportes disponibles hasta el momento indican que <strong data-start=\"1629\" data-end=\"1697\">ninguna de las lesiones pone en peligro la vida de los afectados<\/strong>. Las otras diez personas presentaron lesiones de menor consideraci\u00f3n.<\/p>\n<p data-start=\"1807\" data-end=\"2153\">Los heridos fueron trasladados a centros hospitalarios de la zona para recibir evaluaci\u00f3n y tratamiento m\u00e9dico. Inicialmente, los servicios de emergencia establecieron un per\u00edmetro de seguridad alrededor del autob\u00fas accidentado mientras se realizaban las labores de asistencia y se retiraban los restos y materiales desprendidos tras la colisi\u00f3n.<\/p>\n<h3 data-section-id=\"1esi59b\" data-start=\"2155\" data-end=\"2204\">Cierran temporalmente acceso de la Terminal B<\/h3>\n<p data-start=\"2206\" data-end=\"2494\">Como consecuencia del accidente, las autoridades procedieron al <strong data-start=\"2270\" data-end=\"2355\">cierre temporal de la carretera ubicada en el nivel 3 de salidas de la Terminal B<\/strong>, mientras las brigadas de emergencia y mantenimiento trabajaban para despejar completamente el \u00e1rea.<\/p>\n<p data-start=\"2496\" data-end=\"2833\">El cierre gener\u00f3 restricciones en el flujo vehicular dentro de la terminal, por lo que las autoridades aeroportuarias recomendaron que los pasajeros que deb\u00edan utilizar la Terminal B fueran dejados temporalmente en el <strong data-start=\"2714\" data-end=\"2725\">nivel 2<\/strong>, debido a la actividad policial y de emergencia en el nivel superior.<\/p>\n<p data-start=\"2835\" data-end=\"3156\">Los reportes iniciales se\u00f1alan que el accidente <strong data-start=\"2883\" data-end=\"2976\">no provoc\u00f3 el cierre general del aeropuerto ni una interrupci\u00f3n de las operaciones a\u00e9reas<\/strong>, aunque s\u00ed produjo afectaciones en la circulaci\u00f3n terrestre y oblig\u00f3 a realizar ajustes temporales en el acceso de pasajeros a la Terminal B.<\/p>\n<h3 data-section-id=\"15d52ak\" data-start=\"3158\" data-end=\"3183\">Investigan las causas<\/h3>\n<p data-start=\"3185\" data-end=\"3372\">Hasta el momento, la Autoridad Portuaria no ha informado oficialmente qu\u00e9 provoc\u00f3 que el conductor perdiera el control del autob\u00fas y terminara impactando contra la estructura de concreto.<\/p>\n<p data-start=\"3374\" data-end=\"3617\">Los investigadores deber\u00e1n determinar si el accidente estuvo relacionado con una falla mec\u00e1nica, las condiciones de la v\u00eda, alg\u00fan problema con el veh\u00edculo, un error humano o cualquier otra circunstancia que pudiera haber contribuido al choque.<\/p>\n<p data-start=\"3619\" data-end=\"3811\">Las autoridades tampoco han divulgado, por ahora, mayores detalles sobre la identidad del conductor ni de las personas heridas, debido a que la investigaci\u00f3n se encuentra en una etapa inicial.<\/p>\n<p data-start=\"3813\" data-end=\"4052\">Im\u00e1genes difundidas desde el lugar muestran al autob\u00fas detenido contra la barrera de concreto, con da\u00f1os visibles en su parte delantera y el parabrisas completamente afectado por la fuerza del impacto.<\/p>\n<p data-start=\"4054\" data-end=\"4278\">El incidente ocurri\u00f3 en momentos en que el aeropuerto registraba una actividad menor debido a la hora, lo que permiti\u00f3 que los organismos de emergencia pudieran desplegar r\u00e1pidamente sus equipos para atender a los afectados.<\/p>\n<p data-start=\"4280\" data-end=\"4569\">El <strong data-start=\"4283\" data-end=\"4323\">Newark Liberty International Airport<\/strong>, ubicado en Newark, Nueva Jersey, constituye uno de los principales puntos de conexi\u00f3n a\u00e9rea del \u00e1rea metropolitana de Nueva York y mantiene un intenso movimiento de pasajeros, aeronaves, empleados y veh\u00edculos de transporte durante las 24 horas.<\/p>\n<p data-start=\"4571\" data-end=\"4816\">Las autoridades mantienen abierta la investigaci\u00f3n para establecer las circunstancias exactas que provocaron el accidente y determinar si deber\u00e1n adoptarse medidas adicionales para reforzar la seguridad en las v\u00edas de circulaci\u00f3n de la terminal.<\/p>\n<p data-start=\"4818\" data-end=\"5093\" data-is-last-node=\"\" data-is-only-node=\"\"><strong data-start=\"4818\" data-end=\"5055\">La prioridad de los equipos de emergencia contin\u00faa siendo la atenci\u00f3n de los heridos, mientras las autoridades aeroportuarias trabajan para mantener la normalidad de las operaciones y garantizar la seguridad de pasajeros y empleados<\/strong><\/p>\n<\/div>\n<\/div>\n<\/div>\n<\/div>\n<\/div>\n<\/div>\n<\/section>\n<\/div>\n","protected":false},"excerpt":{"rendered":"<p>Nueva York, EE. UU. \u2014 Trece personas resultaron heridas, tres de ellas de gravedad, luego&#8230;<\/p>\n","protected":false},"author":3,"featured_media":7566,"comment_status":"open","ping_status":"open","sticky":false,"template":"","format":"standard","meta":{"footnotes":""},"categories":[8,5],"tags":[],"class_list":["post-7565","post","type-post","status-publish","format-standard","has-post-thumbnail","hentry","category-dominicanos-en-el-exterior","category-portada"],"_links":{"self":[{"href":"https:\/\/elviajero.com.do\/index.php\/wp-json\/wp\/v2\/posts\/7565","targetHints":{"allow":["GET"]}}],"collection":[{"href":"https:\/\/elviajero.com.do\/index.php\/wp-json\/wp\/v2\/posts"}],"about":[{"href":"https:\/\/elviajero.com.do\/index.php\/wp-json\/wp\/v2\/types\/post"}],"author":[{"embeddable":true,"href":"https:\/\/elviajero.com.do\/index.php\/wp-json\/wp\/v2\/users\/3"}],"replies":[{"embeddable":true,"href":"https:\/\/elviajero.com.do\/index.php\/wp-json\/wp\/v2\/comments?post=7565"}],"version-history":[{"count":1,"href":"https:\/\/elviajero.com.do\/index.php\/wp-json\/wp\/v2\/posts\/7565\/revisions"}],"predecessor-version":[{"id":7567,"href":"https:\/\/elviajero.com.do\/index.php\/wp-json\/wp\/v2\/posts\/7565\/revisions\/7567"}],"wp:featuredmedia":[{"embeddable":true,"href":"https:\/\/elviajero.com.do\/index.php\/wp-json\/wp\/v2\/media\/7566"}],"wp:attachment":[{"href":"https:\/\/elviajero.com.do\/index.php\/wp-json\/wp\/v2\/media?parent=7565"}],"wp:term":[{"taxonomy":"category","embeddable":true,"href":"https:\/\/elviajero.com.do\/index.php\/wp-json\/wp\/v2\/categories?post=7565"},{"taxonomy":"post_tag","embeddable":true,"href":"https:\/\/elviajero.com.do\/index.php\/wp-json\/wp\/v2\/tags?post=7565"}],"curies":[{"name":"wp","href":"https:\/\/api.w.org\/{rel}","templated":true}]}}