{"id":7569,"date":"2026-08-31T13:38:19","date_gmt":"2026-08-31T17:38:19","guid":{"rendered":"https:\/\/elviajero.com.do\/?p=7569"},"modified":"2026-08-31T13:38:46","modified_gmt":"2026-08-31T17:38:46","slug":"iberia-y-air-europa-reanudaran-vuelos-desde-maiquetia-esta-semana","status":"publish","type":"post","link":"https:\/\/elviajero.com.do\/index.php\/2026\/08\/31\/iberia-y-air-europa-reanudaran-vuelos-desde-maiquetia-esta-semana\/","title":{"rendered":"Iberia y Air Europa reanudar\u00e1n vuelos desde Maiquet\u00eda esta semana"},"content":{"rendered":"<p><strong>Caracas-.<\/strong><\/p>\n<p><strong>\u00a0<\/strong><strong>\u00a0<\/strong>La aerol\u00ednea Air Europa reanudar\u00e1 sus operaciones desde el Aeropuerto Internacional \"Sim\u00f3n Bol\u00edvar\" de Maiquet\u00eda este martes 1 de septiembre con cinco frecuencias semanales; mientras que Iberia lo har\u00e1 con tres servicios a la semana.<\/p>\n<p>Las operaciones de <strong>Air Europa<\/strong> se realizar\u00e1n los martes, jueves, viernes, s\u00e1bados y domingos \"una vez garantizada la completa disponibilidad del Aeropuerto Internacional Sim\u00f3n Bolivar, en Maiquet\u00eda\", inform\u00f3 la compa\u00f1\u00eda en un comunicado.<\/p>\n<p>La compa\u00f1\u00eda dio por finalizada la operaci\u00f3n especial activada a lo largo de los \u00faltimos dos meses, para la que se utiliz\u00f3 el Aeropuerto Internacional \"Arturo Michelena\" de Valencia como alternativa a Maiquet\u00eda, mientras finalizaban las obras de reacondicionamiento.<\/p>\n<p><strong>Iberia<\/strong>, por su parte, regresar\u00e1 al aeropuerto de Maiquet\u00eda con menos vuelos semanales a partir del pr\u00f3ximo 3 de septiembre. En concreto, tendr\u00e1n lugar los lunes, jueves y domingos y al igual que Air Europa, dejar\u00e1 de usar el terminal a\u00e9reo de Valencia como alternativa.<\/p>\n<p><strong>Plus Ultra<\/strong>, por el contrario, mantendr\u00e1 sus operaciones en la capital carabobe\u00f1a hasta el pr\u00f3ximo 27 de septiembre, sin embargo, contar\u00e1 con una sola frecuencia semanal desde Maiquet\u00eda a partir del 8 de septiembre.<\/p>\n","protected":false},"excerpt":{"rendered":"<p>Caracas-. \u00a0\u00a0La aerol\u00ednea Air Europa reanudar\u00e1 sus operaciones desde el Aeropuerto Internacional \"Sim\u00f3n Bol\u00edvar\" de&#8230;<\/p>\n","protected":false},"author":3,"featured_media":7570,"comment_status":"open","ping_status":"open","sticky":false,"template":"","format":"standard","meta":{"footnotes":""},"categories":[4,5],"tags":[],"class_list":["post-7569","post","type-post","status-publish","format-standard","has-post-thumbnail","hentry","category-internacionales","category-portada"],"_links":{"self":[{"href":"https:\/\/elviajero.com.do\/index.php\/wp-json\/wp\/v2\/posts\/7569","targetHints":{"allow":["GET"]}}],"collection":[{"href":"https:\/\/elviajero.com.do\/index.php\/wp-json\/wp\/v2\/posts"}],"about":[{"href":"https:\/\/elviajero.com.do\/index.php\/wp-json\/wp\/v2\/types\/post"}],"author":[{"embeddable":true,"href":"https:\/\/elviajero.com.do\/index.php\/wp-json\/wp\/v2\/users\/3"}],"replies":[{"embeddable":true,"href":"https:\/\/elviajero.com.do\/index.php\/wp-json\/wp\/v2\/comments?post=7569"}],"version-history":[{"count":1,"href":"https:\/\/elviajero.com.do\/index.php\/wp-json\/wp\/v2\/posts\/7569\/revisions"}],"predecessor-version":[{"id":7571,"href":"https:\/\/elviajero.com.do\/index.php\/wp-json\/wp\/v2\/posts\/7569\/revisions\/7571"}],"wp:featuredmedia":[{"embeddable":true,"href":"https:\/\/elviajero.com.do\/index.php\/wp-json\/wp\/v2\/media\/7570"}],"wp:attachment":[{"href":"https:\/\/elviajero.com.do\/index.php\/wp-json\/wp\/v2\/media?parent=7569"}],"wp:term":[{"taxonomy":"category","embeddable":true,"href":"https:\/\/elviajero.com.do\/index.php\/wp-json\/wp\/v2\/categories?post=7569"},{"taxonomy":"post_tag","embeddable":true,"href":"https:\/\/elviajero.com.do\/index.php\/wp-json\/wp\/v2\/tags?post=7569"}],"curies":[{"name":"wp","href":"https:\/\/api.w.org\/{rel}","templated":true}]}}