{"id":7576,"date":"2026-08-31T16:04:30","date_gmt":"2026-08-31T20:04:30","guid":{"rendered":"https:\/\/elviajero.com.do\/?p=7576"},"modified":"2026-08-31T16:04:40","modified_gmt":"2026-08-31T20:04:40","slug":"avanzan-trabajos-de-construccion-de-hotel-proximo-al-aila","status":"publish","type":"post","link":"https:\/\/elviajero.com.do\/index.php\/2026\/08\/31\/avanzan-trabajos-de-construccion-de-hotel-proximo-al-aila\/","title":{"rendered":"Avanzan trabajos de construcci\u00f3n de hotel pr\u00f3ximo al AILA"},"content":{"rendered":"<p><strong>\u00a0Rafael Castro\u00a0 31 de agosto<\/strong><\/p>\n<p><strong>\u00a0Santo Domingo Este.<\/strong>\u2013<\/p>\n<p>Avanzan a buen ritmo los trabajos de construcci\u00f3n del nuevo proyecto hotelero Holiday <strong>Inn<\/strong> Santo Domingo Airport, que se levanta en el per\u00edmetro del <strong>Aeropuerto Internacional de Las Am\u00e9ricas, Jos\u00e9 Francisco Pe\u00f1a G\u00f3mez (AILA)<\/strong>, donde ya comienzan a tomar forma importantes estructuras de la futura edificaci\u00f3n.<\/p>\n<p>Se trata del <strong>Holiday<\/strong> <strong>Inn<\/strong> Santo Domingo Airport, un <strong>hotel<\/strong>\u00a0se construye con una inversi\u00f3n de 24 millones de d\u00f3lares, cuyo inicio se hab\u00eda retrasado por la espera de permisos. De suelos y de la Direcci\u00f3n General de Medio Ambiente.<\/p>\n<p>El <strong>hotel<\/strong> contar\u00e1 con una oferta de 154 <strong>habitaciones<\/strong>, dispuestas en cuatro niveles, en unos 9,000 metros cuadrados de <strong>construcci\u00f3n<\/strong>. <strong>Aeropuertos<\/strong> <strong>Dominicanos<\/strong> Siglo XXI (Aerodom), empresa que administra el AILA, mientras que el <strong>hotel<\/strong> ofrecer\u00e1 \u201c<strong>servicios de hospitalidad<\/strong> de la m\u00e1s alta <strong>calidad<\/strong>\u201d.<\/p>\n<p>Durante un recorrido por las inmediaciones del complejo aeroportuario se pudo observar el movimiento constante de obreros y equipos de construcci\u00f3n, mientras las labores se concentran en el levantamiento de las estructuras de hormig\u00f3n que dar\u00e1n forma al establecimiento hotelero.<\/p>\n<p>En el \u00e1rea de construcci\u00f3n sobresalen <strong>largas columnas de varillas y hormig\u00f3n armado que ya han sido levantadas<\/strong>, evidenciando el avance de la obra y el paso de la etapa inicial de preparaci\u00f3n del terreno hacia una fase de mayor desarrollo estructural.<\/p>\n<p>Asimismo, en el lugar se aprecia la presencia de <strong>obreros trabajando en diferentes frentes<\/strong>, as\u00ed como de m\u00e1quinas pesadas utilizadas para el movimiento de materiales y las labores propias de la construcci\u00f3n.<\/p>\n<p>El proyecto se desarrolla en una zona estrat\u00e9gica debido a su cercan\u00eda con una de las principales terminales a\u00e9reas del pa\u00eds, lo que podr\u00eda contribuir a ampliar la oferta de alojamiento para pasajeros, tripulaciones, ejecutivos y otros viajeros que utilizan el aeropuerto.<\/p>\n<p><img loading=\"lazy\" decoding=\"async\" class=\"alignnone size-large wp-image-7578\" src=\"https:\/\/elviajero.com.do\/wp-content\/uploads\/2026\/08\/IMG-20260831-WA0075-1024x768.jpg\" alt=\"\" width=\"640\" height=\"480\" srcset=\"https:\/\/elviajero.com.do\/wp-content\/uploads\/2026\/08\/IMG-20260831-WA0075-1024x768.jpg 1024w, https:\/\/elviajero.com.do\/wp-content\/uploads\/2026\/08\/IMG-20260831-WA0075-300x225.jpg 300w, https:\/\/elviajero.com.do\/wp-content\/uploads\/2026\/08\/IMG-20260831-WA0075-768x576.jpg 768w, https:\/\/elviajero.com.do\/wp-content\/uploads\/2026\/08\/IMG-20260831-WA0075-1536x1152.jpg 1536w, https:\/\/elviajero.com.do\/wp-content\/uploads\/2026\/08\/IMG-20260831-WA0075.jpg 1600w\" sizes=\"auto, (max-width: 640px) 100vw, 640px\" \/><\/p>\n<p>La construcci\u00f3n forma parte del creciente dinamismo que registra el entorno del AILA, donde durante los \u00faltimos a\u00f1os se han producido importantes inversiones destinadas a fortalecer la infraestructura aeroportuaria y los servicios vinculados al creciente flujo de pasajeros.<\/p>\n<p>La ubicaci\u00f3n del hotel, pr\u00e1cticamente en el entorno inmediato de la terminal a\u00e9rea, representa adem\u00e1s una ventaja para viajeros que requieren alojamiento por per\u00edodos cortos, especialmente pasajeros en tr\u00e1nsito, personas con conexiones a\u00e9reas, tripulaciones de aerol\u00edneas y visitantes que llegan al pa\u00eds por negocios o turismo.<\/p>\n<p>A medida que avanzan los trabajos, la estructura comienza a hacerse cada vez m\u00e1s visible desde distintos puntos pr\u00f3ximos al aeropuerto. Las columnas levantadas y los trabajos de colocaci\u00f3n de hormig\u00f3n permiten apreciar la dimensi\u00f3n que tendr\u00e1 la edificaci\u00f3n una vez concluida.<\/p>\n<p>El movimiento de equipos y personal en la zona refleja que la obra mantiene un ritmo activo, aunque todav\u00eda quedan por delante distintas etapas antes de que la infraestructura pueda entrar en funcionamiento, entre ellas la culminaci\u00f3n de la estructura, instalaciones el\u00e9ctricas y sanitarias, terminaciones, \u00e1reas comunes, equipamiento y acondicionamiento de las habitaciones y dem\u00e1s espacios del establecimiento.<\/p>\n<p>La construcci\u00f3n de este nuevo hotel se produce en un momento de expansi\u00f3n de la actividad aeroportuaria y tur\u00edstica de la Rep\u00fablica Dominicana, particularmente en el entorno de Santo Domingo Este, donde el AILA constituye una de las principales puertas de entrada y salida del pa\u00eds.<\/p>\n<p>La evoluci\u00f3n de los trabajos ha despertado inter\u00e9s entre residentes, viajeros y usuarios frecuentes de la terminal, quienes han podido observar c\u00f3mo la obra pasa progresivamente de una explanada de construcci\u00f3n a una edificaci\u00f3n cuya estructura comienza a elevarse sobre el terreno.<\/p>\n<p>De mantenerse el actual ritmo de ejecuci\u00f3n, en los pr\u00f3ximos meses podr\u00edan hacerse m\u00e1s visibles los diferentes niveles y \u00e1reas que compondr\u00e1n el establecimiento, permitiendo apreciar con mayor claridad las dimensiones y caracter\u00edsticas del proyecto.<\/p>\n<p><strong>El nuevo hotel contribuir\u00e1 a transformar a\u00fan m\u00e1s el entorno del AILA<\/strong>, reforzando la infraestructura de servicios que acompa\u00f1a el crecimiento de la actividad a\u00e9rea y la llegada de visitantes al pa\u00eds.<\/p>\n<p>&nbsp;<\/p>\n<p>&nbsp;<\/p>\n","protected":false},"excerpt":{"rendered":"<p>\u00a0Rafael Castro\u00a0 31 de agosto \u00a0Santo Domingo Este.\u2013 Avanzan a buen ritmo los trabajos de&#8230;<\/p>\n","protected":false},"author":3,"featured_media":7577,"comment_status":"open","ping_status":"open","sticky":false,"template":"","format":"standard","meta":{"footnotes":""},"categories":[2,5],"tags":[],"class_list":["post-7576","post","type-post","status-publish","format-standard","has-post-thumbnail","hentry","category-nacionales","category-portada"],"_links":{"self":[{"href":"https:\/\/elviajero.com.do\/index.php\/wp-json\/wp\/v2\/posts\/7576","targetHints":{"allow":["GET"]}}],"collection":[{"href":"https:\/\/elviajero.com.do\/index.php\/wp-json\/wp\/v2\/posts"}],"about":[{"href":"https:\/\/elviajero.com.do\/index.php\/wp-json\/wp\/v2\/types\/post"}],"author":[{"embeddable":true,"href":"https:\/\/elviajero.com.do\/index.php\/wp-json\/wp\/v2\/users\/3"}],"replies":[{"embeddable":true,"href":"https:\/\/elviajero.com.do\/index.php\/wp-json\/wp\/v2\/comments?post=7576"}],"version-history":[{"count":1,"href":"https:\/\/elviajero.com.do\/index.php\/wp-json\/wp\/v2\/posts\/7576\/revisions"}],"predecessor-version":[{"id":7579,"href":"https:\/\/elviajero.com.do\/index.php\/wp-json\/wp\/v2\/posts\/7576\/revisions\/7579"}],"wp:featuredmedia":[{"embeddable":true,"href":"https:\/\/elviajero.com.do\/index.php\/wp-json\/wp\/v2\/media\/7577"}],"wp:attachment":[{"href":"https:\/\/elviajero.com.do\/index.php\/wp-json\/wp\/v2\/media?parent=7576"}],"wp:term":[{"taxonomy":"category","embeddable":true,"href":"https:\/\/elviajero.com.do\/index.php\/wp-json\/wp\/v2\/categories?post=7576"},{"taxonomy":"post_tag","embeddable":true,"href":"https:\/\/elviajero.com.do\/index.php\/wp-json\/wp\/v2\/tags?post=7576"}],"curies":[{"name":"wp","href":"https:\/\/api.w.org\/{rel}","templated":true}]}}