{"id":7581,"date":"2026-08-31T16:37:54","date_gmt":"2026-08-31T20:37:54","guid":{"rendered":"https:\/\/elviajero.com.do\/?p=7581"},"modified":"2026-08-31T16:37:54","modified_gmt":"2026-08-31T20:37:54","slug":"la-agenda-semanal-un-buen-intento-para-hacer-comunicacion","status":"publish","type":"post","link":"https:\/\/elviajero.com.do\/index.php\/2026\/08\/31\/la-agenda-semanal-un-buen-intento-para-hacer-comunicacion\/","title":{"rendered":"La Agenda Semanal un buen\u00a0 intento para hacer comunicaci\u00f3n"},"content":{"rendered":"<p>Por Marino Ram\u00edrez Grull\u00f3n<\/p>\n<p>El Presidente Luis Abinader cree en la comunicaci\u00f3n para vender los logros de su gesti\u00f3n, pero m\u00e1s que eso est\u00e1 convencido de que conversar con la gente es la mejor manera de integrarlos a lo que \u00e9l piensa y realiza.<\/p>\n<p>Por eso surge entiendo Yo, la Agenda Semanal reci\u00e9n estrenado mecanismo estilo conversatorio que hace el Presidente con sus funcionarios sobre los logros en esta gesti\u00f3n que lleva seis a\u00f1os en el poder.<\/p>\n<p>Anteriormente La Semanal que se realizaba en el Palacio presidencial se cualquieriz\u00f3 de tal manera que los periodistas, comunicadores y otras personas iban al sal\u00f3n donde se realizaba a otras cosas menos a preguntar sobre la gesti\u00f3n gubernamental.<\/p>\n<p>Los asesores presidenciales de comunicaci\u00f3n social que llegaron nuevos al Palacio aconsejaron al\u00a0 Presidente Abinader que eliminara esos encuentros de los lunes que al final no ten\u00edan los resultado buscados.<\/p>\n<p>Lo hicieron bien, tambi\u00e9n el jefe del Estado al eliminar ese mecanismo de informaci\u00f3n p\u00fablica sobre resultados gubernamentales.<\/p>\n<p>Hay que destacar que cada gobierno, cada Presidente de turno ha utilizado diferentes mecanismos informativos para hacer saber a la poblaci\u00f3n lo que realizan desde el poder.<\/p>\n<p>Es decir, este caso no es la excepci\u00f3n.<\/p>\n<p>Lo que ha querido Abinader supongo es que se siga intercambiando, informado, dando detalles de los logros gubernamentales porque adem\u00e1s de dejar saber lo que hace el gobierno en forma positiva, tambi\u00e9n la hacen saber a la oposici\u00f3n que el poder ejecutivo est\u00e1 en lo suyo desarrollando el pa\u00eds.<\/p>\n<p>Siempre la oposici\u00f3n est\u00e1 en activa denunciando todo lo que pueda en contra de este gobierno y de cualquier otro que est\u00e9 en el poder. Eso no ha de sorprender, pero lo importante es esta iniciativa de la Agenda Semanal.<\/p>\n<p>No sabemos a ciencia cierta c\u00f3mo ser\u00e1 el procedimiento pero en la primera entrega pudimos ver y escuchar que el encuentro sobre los detalles en torno al sistema educativo qued\u00f3 claro y preciso.<\/p>\n<p>Evidentemente que los productores del espacio tendr\u00e1n que cerciorarse de que el funcionario invitado tenga aportes reales y que despu\u00e9s de cada encuentro no salgan los opositores a buscar la parte negativa en torno al conversatorio y sus logros.<\/p>\n<p>El caso de la educaci\u00f3n p\u00fablica y es muy sensible porque cada a\u00f1o que se inicia con bombos y platillos es m\u00e1s caro para los ciudadanos, escuelas en malas condiciones y otras situaciones que aparentemente ning\u00fan gobierno\u00a0 ha podido resolver a\u00fan con\u00a0 el manejo del millonario cuatro por ciento.<\/p>\n<p>Pero esperemos, los resultados definir\u00e1n la iniciativa gubernamental de la Agenda Semanal como un logro para la pol\u00edtica comunicativa del Presidente Luis Abinader y su gobierno.<\/p>\n<p>&nbsp;<\/p>\n","protected":false},"excerpt":{"rendered":"<p>Por Marino Ram\u00edrez Grull\u00f3n El Presidente Luis Abinader cree en la comunicaci\u00f3n para vender los&#8230;<\/p>\n","protected":false},"author":3,"featured_media":7582,"comment_status":"open","ping_status":"open","sticky":false,"template":"","format":"standard","meta":{"footnotes":""},"categories":[7],"tags":[],"class_list":["post-7581","post","type-post","status-publish","format-standard","has-post-thumbnail","hentry","category-opiniones"],"_links":{"self":[{"href":"https:\/\/elviajero.com.do\/index.php\/wp-json\/wp\/v2\/posts\/7581","targetHints":{"allow":["GET"]}}],"collection":[{"href":"https:\/\/elviajero.com.do\/index.php\/wp-json\/wp\/v2\/posts"}],"about":[{"href":"https:\/\/elviajero.com.do\/index.php\/wp-json\/wp\/v2\/types\/post"}],"author":[{"embeddable":true,"href":"https:\/\/elviajero.com.do\/index.php\/wp-json\/wp\/v2\/users\/3"}],"replies":[{"embeddable":true,"href":"https:\/\/elviajero.com.do\/index.php\/wp-json\/wp\/v2\/comments?post=7581"}],"version-history":[{"count":1,"href":"https:\/\/elviajero.com.do\/index.php\/wp-json\/wp\/v2\/posts\/7581\/revisions"}],"predecessor-version":[{"id":7583,"href":"https:\/\/elviajero.com.do\/index.php\/wp-json\/wp\/v2\/posts\/7581\/revisions\/7583"}],"wp:featuredmedia":[{"embeddable":true,"href":"https:\/\/elviajero.com.do\/index.php\/wp-json\/wp\/v2\/media\/7582"}],"wp:attachment":[{"href":"https:\/\/elviajero.com.do\/index.php\/wp-json\/wp\/v2\/media?parent=7581"}],"wp:term":[{"taxonomy":"category","embeddable":true,"href":"https:\/\/elviajero.com.do\/index.php\/wp-json\/wp\/v2\/categories?post=7581"},{"taxonomy":"post_tag","embeddable":true,"href":"https:\/\/elviajero.com.do\/index.php\/wp-json\/wp\/v2\/tags?post=7581"}],"curies":[{"name":"wp","href":"https:\/\/api.w.org\/{rel}","templated":true}]}}