{"id":7601,"date":"2026-09-01T17:31:56","date_gmt":"2026-09-01T21:31:56","guid":{"rendered":"https:\/\/elviajero.com.do\/?p=7601"},"modified":"2026-09-01T17:31:56","modified_gmt":"2026-09-01T21:31:56","slug":"arajet-lanza-vuelos-con-tarifas-desde-4-dolares-por-trayecto-por-su-cuarto-aniversario","status":"publish","type":"post","link":"https:\/\/elviajero.com.do\/index.php\/2026\/09\/01\/arajet-lanza-vuelos-con-tarifas-desde-4-dolares-por-trayecto-por-su-cuarto-aniversario\/","title":{"rendered":"Arajet lanza vuelos con tarifas desde 4 d\u00f3lares por trayecto por su cuarto aniversario"},"content":{"rendered":"<p>Santo Domingo.RD<\/p>\n<p>Arajet, la aerol\u00ednea bandera de Rep\u00fablica Dominicana celebra este septiembre su cuarto aniversario con el lanzamiento de <em>\u201cPurple Days\u201d <\/em>(D\u00edas p\u00farpuras)<em>,<\/em> una promoci\u00f3n especial con la que invita a sus pasajeros a festejar cuatro a\u00f1os de operaciones aprovechando tarifas promocionales para viajar a destinos internacionales de toda su red.<\/p>\n<p>La promoci\u00f3n estar\u00e1 disponible desde el 1 hasta el 15 de septiembre de 2026, periodo durante el cual los viajeros podr\u00e1n adquirir boletos con tarifas base promocionales desde US$4 en los distintos mercados donde opera la aerol\u00ednea. Para los vuelos desde S\u00e3o Paulo (GRU), las tarifas base estar\u00e1n disponibles desde US$44.<\/p>\n<p>El periodo de viaje de <em>Purple Days<\/em> se extender\u00e1 desde el 14 de septiembre de 2026 hasta el 31 de marzo de 2027, ofreciendo a los pasajeros la oportunidad de planificar sus pr\u00f3ximas vacaciones, escapadas o viajes con anticipaci\u00f3n.<\/p>\n<p>La promoci\u00f3n estar\u00e1 disponible en las clases tarifarias Basic, Classic, Comfort y Extra y aplicar\u00e1 a vuelos internacionales en todos los mercados de Arajet. Las tarifas promocionales no incluyen impuestos, tasas ni cargos de transporte, var\u00edan seg\u00fan la clase tarifaria y est\u00e1n sujetas a disponibilidad en una cantidad limitada de asientos.<\/p>\n<p>\u201cEstamos en nuestro mes aniversario, y queremos compartir este momento con nuestros pasajeros quienes han sido parte fundamental de nuestro crecimiento.<\/p>\n<p>Con Purple Days queremos agradecer su confianza ofreci\u00e9ndoles nuevas oportunidades para viajar, descubrir destinos y mantenerse conectados a trav\u00e9s de nuestra red, mientras continuamos trabajando para hacer que volar por las Am\u00e9ricas sea cada vez m\u00e1s accesible\u201d, expres\u00f3 V\u00edctor Pacheco, CEO y fundador de Arajet.<\/p>\n<p>Con <em>Purple Days<\/em>, Arajet inicia la celebraci\u00f3n de sus cuatro a\u00f1os de operaciones, reafirmando su compromiso de continuar ampliando las oportunidades de viaje y fortaleciendo la conectividad entre los diferentes destinos que forman parte de su red.<\/p>\n<p>737 MAX, la aerol\u00ednea ofrece viajes seguros y econ\u00f3micos hacia diversos destinos en Am\u00e9rica del Norte, Central y del Sur, y el Caribe.<\/p>\n<p>Para m\u00e1s informaci\u00f3n, visite <a href=\"http:\/\/www.arajet.com\"><strong>www.arajet.com<\/strong><\/a><\/p>\n<p>&nbsp;<\/p>\n","protected":false},"excerpt":{"rendered":"<p>Santo Domingo.RD Arajet, la aerol\u00ednea bandera de Rep\u00fablica Dominicana celebra este septiembre su cuarto aniversario&#8230;<\/p>\n","protected":false},"author":3,"featured_media":7602,"comment_status":"open","ping_status":"open","sticky":false,"template":"","format":"standard","meta":{"footnotes":""},"categories":[2,5],"tags":[],"class_list":["post-7601","post","type-post","status-publish","format-standard","has-post-thumbnail","hentry","category-nacionales","category-portada"],"_links":{"self":[{"href":"https:\/\/elviajero.com.do\/index.php\/wp-json\/wp\/v2\/posts\/7601","targetHints":{"allow":["GET"]}}],"collection":[{"href":"https:\/\/elviajero.com.do\/index.php\/wp-json\/wp\/v2\/posts"}],"about":[{"href":"https:\/\/elviajero.com.do\/index.php\/wp-json\/wp\/v2\/types\/post"}],"author":[{"embeddable":true,"href":"https:\/\/elviajero.com.do\/index.php\/wp-json\/wp\/v2\/users\/3"}],"replies":[{"embeddable":true,"href":"https:\/\/elviajero.com.do\/index.php\/wp-json\/wp\/v2\/comments?post=7601"}],"version-history":[{"count":1,"href":"https:\/\/elviajero.com.do\/index.php\/wp-json\/wp\/v2\/posts\/7601\/revisions"}],"predecessor-version":[{"id":7603,"href":"https:\/\/elviajero.com.do\/index.php\/wp-json\/wp\/v2\/posts\/7601\/revisions\/7603"}],"wp:featuredmedia":[{"embeddable":true,"href":"https:\/\/elviajero.com.do\/index.php\/wp-json\/wp\/v2\/media\/7602"}],"wp:attachment":[{"href":"https:\/\/elviajero.com.do\/index.php\/wp-json\/wp\/v2\/media?parent=7601"}],"wp:term":[{"taxonomy":"category","embeddable":true,"href":"https:\/\/elviajero.com.do\/index.php\/wp-json\/wp\/v2\/categories?post=7601"},{"taxonomy":"post_tag","embeddable":true,"href":"https:\/\/elviajero.com.do\/index.php\/wp-json\/wp\/v2\/tags?post=7601"}],"curies":[{"name":"wp","href":"https:\/\/api.w.org\/{rel}","templated":true}]}}