{"id":7606,"date":"2026-09-01T17:42:33","date_gmt":"2026-09-01T21:42:33","guid":{"rendered":"https:\/\/elviajero.com.do\/?p=7606"},"modified":"2026-09-01T17:42:38","modified_gmt":"2026-09-01T21:42:38","slug":"ee-uu-deporta-en-ocho-meses-mas-de-2300-ex-convictos-dominicanos","status":"publish","type":"post","link":"https:\/\/elviajero.com.do\/index.php\/2026\/09\/01\/ee-uu-deporta-en-ocho-meses-mas-de-2300-ex-convictos-dominicanos\/","title":{"rendered":"EE.UU deporta en ocho meses mas de 2,300 ex.convictos dominicanos"},"content":{"rendered":"<div class=\"I_ZiTj5d C_1GbO8e W_6D6F D_F ek_BB z_n m_22RyjK em_N O_0 ah_16P6j9 ai_Zc7bQR\" role=\"region\" data-test-id=\"message-view-body\" aria-labelledby=\"message-view-body-landmark\">\n<div class=\"no-tailwind msg-body mq_AS iy_A s_0\" data-test-id=\"message-view-body-content\">\n<div class=\"je_2kCCw7 jb_dm5 X_7sfl N_7sfl\">\n<div class=\"\">\n<div>\n<div id=\"yiv3939802413\">\n<div>\n<div class=\"yiv3939802413yahoo-style-wrap\">\n<div dir=\"ltr\">\n<div>\n<p class=\"yiv3939802413ydp424d6074MsoNormal\"><span lang=\"ES-DO\">\u00a0<\/span><span lang=\"PT-BR\">Rafael Castro\u00a0 1 de septiembre 2026<\/span><\/p>\n<p class=\"yiv3939802413ydp424d6074MsoNormal\"><span lang=\"PT-BR\">Santo Domingo.RD<\/span><\/p>\n<p class=\"yiv3939802413ydp424d6074MsoNormal\"><span lang=\"ES-DO\">\u00a0Un total de 2,391 dominicanos fueron deportados desde Estados Unidos hacia Rep\u00fablica Dominicana durante los primeros ocho meses de 2026, de acuerdo con estad\u00edsticas de la Direcci\u00f3n General de Migraci\u00f3n (DGM<b>)<\/b>, que detallan las categor\u00edas delictivas o causas que motivaron su repatriaci\u00f3n al pa\u00eds.<\/span><\/p>\n<p class=\"yiv3939802413ydp424d6074MsoNormal\"><span lang=\"ES-DO\">Los datos, correspondientes al per\u00edodo enero-agosto de 2026, establecen que de los deportados 2,164<b> <\/b>eran hombres y 227 mujeres, lo que representa una marcada diferencia entre ambos sexos.<\/span><\/p>\n<p class=\"yiv3939802413ydp424d6074MsoNormal\"><span lang=\"ES-DO\">La estad\u00edstica oficial coloca las infracciones vinculadas a migraci\u00f3n ilegal y drogas entre las principales categor\u00edas registradas durante el per\u00edodo analizado.<\/span><\/p>\n<p class=\"yiv3939802413ydp424d6074MsoNormal\"><span lang=\"ES-DO\">En total, 1,512 dominicanos aparecen clasificados bajo la categor\u00eda de migraci\u00f3n<b> <\/b>ilegal, mientras que 399 corresponden a casos relacionados con drogas. Estas dos categor\u00edas concentran la mayor parte de los deportados incluidos en el informe.<\/span><\/p>\n<p class=\"yiv3939802413ydp424d6074MsoNormal\"><span lang=\"ES-DO\">A estas cifras se suman 87 casos por robo, 69 por violencia, 64 por asalto, 41 por porte ilegal de armas y 18 relacionados con homicidio.<\/span><\/p>\n<p class=\"yiv3939802413ydp424d6074MsoNormal\"><span lang=\"ES-DO\">El reporte estad\u00edstico tambi\u00e9n registra 16 personas por ofensas y\/o abuso sexual, 16 por fraude, 6 por lavado de activos, 5 por violaci\u00f3n, 5 por documentos falsos, 7 por terrorismo, 4 por trata de<b> <\/b>personas, 3 por secuestro y 2 por contrabando.<\/span><\/p>\n<p class=\"yiv3939802413ydp424d6074MsoNormal\"><b><span lang=\"ES-DO\">Mayor cantidad en marzo<\/span><\/b><\/p>\n<p class=\"yiv3939802413ydp424d6074MsoNormal\"><span lang=\"ES-DO\">El comportamiento mensual muestra variaciones importantes. Marzo fue el mes con<b> <\/b>mayor cantidad de deportaciones, con 361 dominicanos, seguido de junio, con 357, y mayo, con 349.<\/span><\/p>\n<p class=\"yiv3939802413ydp424d6074MsoNormal\"><span lang=\"ES-DO\">En abril fueron deportadas 311 personas, mientras que febrero registr\u00f3 290 y julio 281.<\/span><\/p>\n<p class=\"yiv3939802413ydp424d6074MsoNormal\"><span lang=\"ES-DO\">En enero retornaron 265 dominicanos, mientras que agosto, con 177 deportados, present\u00f3 la cifra mensual m\u00e1s baja del per\u00edodo enero-agosto.<\/span><\/p>\n<p class=\"yiv3939802413ydp424d6074MsoNormal\"><span lang=\"ES-DO\">Los registros muestran, adem\u00e1s, que durante los meses analizados la cantidad de hombres deportados fue considerablemente superior a la de mujeres. En agosto, por ejemplo, de los 177 deportados, 162 eran hombres y 15 mujeres.<\/span><\/p>\n<p class=\"yiv3939802413ydp424d6074MsoNormal\"><b><span lang=\"ES-DO\">Drogas y migraci\u00f3n ilegal concentran los casos<\/span><\/b><\/p>\n<p class=\"yiv3939802413ydp424d6074MsoNormal\"><span lang=\"ES-DO\">El desglose estad\u00edstico evidencia que los casos relacionados con migraci\u00f3n ilegal constituyen por amplio margen la principal categor\u00eda entre los dominicanos deportados desde Estados Unidos, con 1,512 casos, equivalentes a cerca de dos terceras partes del total registrado.<\/span><\/p>\n<p class=\"yiv3939802413ydp424d6074MsoNormal\"><span lang=\"ES-DO\">Los relacionados con drogas, con 399 casos, representan la segunda categor\u00eda de mayor incidencia.<\/span><\/p>\n<p class=\"yiv3939802413ydp424d6074MsoNormal\"><span lang=\"ES-DO\">La informaci\u00f3n tambi\u00e9n revela la presencia de dominicanos deportados por delitos de mayor gravedad, entre ellos homicidio, violencia, asalto, abuso sexual, porte ilegal de armas, lavado de activos, trata de personas, terrorismo y secuestro.<\/span><\/p>\n<p class=\"yiv3939802413ydp424d6074MsoNormal\"><span lang=\"ES-DO\">La estad\u00edstica de la Direcci\u00f3n General de Migraci\u00f3n constituye un desglose de las categor\u00edas bajo las cuales fueron registrados los dominicanos deportados y permite observar la composici\u00f3n de los retornos procedentes de Estados Unidos durante los primeros ocho meses del presente a\u00f1o.<\/span><\/p>\n<p class=\"yiv3939802413ydp424d6074MsoNormal\"><span lang=\"ES-DO\">Con 2,391 deportaciones acumuladas hasta agosto, el registro refleja la continuidad de los procesos de repatriaci\u00f3n de ciudadanos dominicanos desde Estados Unidos y el peso que tienen los casos vinculados a infracciones migratorias y delitos dentro de esos retornos.<\/span><\/p>\n<p class=\"yiv3939802413ydp424d6074MsoNormal\"><span lang=\"ES-DO\">\u00a0 Los deportados fueron devueltos al pa\u00eds, en vuelos especiales organizados por el Servicio de Inmigraci\u00f3n y Control de Aduanas, de Estados Unidos, ICE por sus siglas en ingl\u00e9s.<\/span><\/p>\n<p class=\"yiv3939802413ydp424d6074MsoNormal\"><span lang=\"ES-DO\">\u00a0 Los d\u00edas martes de cada semana llega por el aeropuerto Internacional de Las Americas, un avi\u00f3n rendado por el ICE, trayendo de regreso al pa\u00eds, a un grupo de exconvictos nacionales que han cumplido condenas en territorio estadounidenses luego de cumplir su pena en recintos carcelarios de esa naci\u00f3n son devueltos al pa\u00eds.<\/span><\/p>\n<\/div>\n<\/div>\n<\/div>\n<\/div>\n<\/div>\n<\/div>\n<\/div>\n<\/div>\n<\/div>\n<\/div>\n<div class=\"uds-scope \">\n<div class=\"D_F eo_HB U_0 ab_C gl_C crqN_6Fd5 H_3n93F\" data-test-id=\"reply-toolbar\"><\/div>\n<\/div>\n","protected":false},"excerpt":{"rendered":"<p>\u00a0Rafael Castro\u00a0 1 de septiembre 2026 Santo Domingo.RD \u00a0Un total de 2,391 dominicanos fueron deportados&#8230;<\/p>\n","protected":false},"author":3,"featured_media":7607,"comment_status":"open","ping_status":"open","sticky":false,"template":"","format":"standard","meta":{"footnotes":""},"categories":[2,5],"tags":[],"class_list":["post-7606","post","type-post","status-publish","format-standard","has-post-thumbnail","hentry","category-nacionales","category-portada"],"_links":{"self":[{"href":"https:\/\/elviajero.com.do\/index.php\/wp-json\/wp\/v2\/posts\/7606","targetHints":{"allow":["GET"]}}],"collection":[{"href":"https:\/\/elviajero.com.do\/index.php\/wp-json\/wp\/v2\/posts"}],"about":[{"href":"https:\/\/elviajero.com.do\/index.php\/wp-json\/wp\/v2\/types\/post"}],"author":[{"embeddable":true,"href":"https:\/\/elviajero.com.do\/index.php\/wp-json\/wp\/v2\/users\/3"}],"replies":[{"embeddable":true,"href":"https:\/\/elviajero.com.do\/index.php\/wp-json\/wp\/v2\/comments?post=7606"}],"version-history":[{"count":1,"href":"https:\/\/elviajero.com.do\/index.php\/wp-json\/wp\/v2\/posts\/7606\/revisions"}],"predecessor-version":[{"id":7608,"href":"https:\/\/elviajero.com.do\/index.php\/wp-json\/wp\/v2\/posts\/7606\/revisions\/7608"}],"wp:featuredmedia":[{"embeddable":true,"href":"https:\/\/elviajero.com.do\/index.php\/wp-json\/wp\/v2\/media\/7607"}],"wp:attachment":[{"href":"https:\/\/elviajero.com.do\/index.php\/wp-json\/wp\/v2\/media?parent=7606"}],"wp:term":[{"taxonomy":"category","embeddable":true,"href":"https:\/\/elviajero.com.do\/index.php\/wp-json\/wp\/v2\/categories?post=7606"},{"taxonomy":"post_tag","embeddable":true,"href":"https:\/\/elviajero.com.do\/index.php\/wp-json\/wp\/v2\/tags?post=7606"}],"curies":[{"name":"wp","href":"https:\/\/api.w.org\/{rel}","templated":true}]}}