{"id":7624,"date":"2026-09-02T16:45:35","date_gmt":"2026-09-02T20:45:35","guid":{"rendered":"https:\/\/elviajero.com.do\/?p=7624"},"modified":"2026-09-02T16:54:40","modified_gmt":"2026-09-02T20:54:40","slug":"el-ministro-de-turismo-david-collado-estimo-en-unos-3500-millones-de-pesos-la-inversion-realizadas-en-su-gestion","status":"publish","type":"post","link":"https:\/\/elviajero.com.do\/index.php\/2026\/09\/02\/el-ministro-de-turismo-david-collado-estimo-en-unos-3500-millones-de-pesos-la-inversion-realizadas-en-su-gestion\/","title":{"rendered":"Collado, Turismos ha invertido unos 3,500 millones en su gesti\u00f3n"},"content":{"rendered":"<p>El <strong>ministro de Turismo<\/strong>, <strong>David Collado<\/strong>, estim\u00f3 en unos <strong>3,500 millones de pesos<\/strong> la <strong>inversi\u00f3n<\/strong> realizada durante su gesti\u00f3n para la recuperaci\u00f3n de malecones, playas, parques y otros espacios p\u00fablicos, proyectos que identifica como parte del <strong>legado<\/strong> que aspira a dejar como titular de esa instituci\u00f3n.<\/p>\n<p>Durante una entrevista en el marco de la <strong>Exposici\u00f3n Comercial<\/strong> de la\u00a0Asociaci\u00f3n de Hoteles y Turismo de la Rep\u00fablica Dominicana (Asonahores), Collado explic\u00f3 que su gesti\u00f3n ha priorizado la <strong>recuperaci\u00f3n de espacios p\u00fablicos<\/strong> que, seg\u00fan afirm\u00f3, permanecieron durante a\u00f1os abandonados, con el prop\u00f3sito de devolverlos para el disfrute de las <strong>comunidades<\/strong> y los visitantes.<\/p>\n<p>\"<strong>Las recuperaciones de los espacios p\u00fablicos<\/strong> son parte del <strong>legado<\/strong> que queremos dejar\", afirm\u00f3 el ministro.<\/p>\n<p>Collado cit\u00f3 entre las intervenciones realizadas la recuperaci\u00f3n de los <strong>malecones de Santo Domingo Este<\/strong>, <strong>San Pedro de Macor\u00eds<\/strong>, <strong>La Romana<\/strong>, Saman\u00e1, Cabrera y Haina, adem\u00e1s de trabajos en diferentes playas y espacios costeros del pa\u00eds.<\/p>\n<p>Tambi\u00e9n mencion\u00f3 las intervenciones en <strong>Guayacanes<\/strong>, <strong>Macao<\/strong> y Playa Esmeralda, as\u00ed como en el <strong>parque bulevar de La Caleta<\/strong>, pr\u00f3ximo al aeropuerto.<\/p>\n<p>Al referirse al monto destinado a estas intervenciones, el funcionario se\u00f1al\u00f3 que, a su entender, la <strong>inversi\u00f3n<\/strong> \"debe de andar por unos <strong>3,500 millones de pesos<\/strong>\".<\/p>\n<p>Collado defendi\u00f3 el <strong>impacto social<\/strong> de estas obras y se\u00f1al\u00f3 que la <strong>recuperaci\u00f3n de espacios p\u00fablicos<\/strong> permite a las <strong>comunidades<\/strong> contar con lugares para la recreaci\u00f3n y el encuentro familiar<\/p>\n<p>\"Cuando t\u00fa <strong>recuperas un malec\u00f3n<\/strong> que no es una <strong>obra multimillonaria<\/strong>, le devuelve espacio de <strong>esparcimiento y recreaci\u00f3n<\/strong> a la gente para que disfruten en familia sin tener que pagarle a nadie\", expres\u00f3.<\/p>\n<p>Al explicar los aspectos que considera parte de su <strong>legado<\/strong>, Collado tambi\u00e9n destac\u00f3 la <strong>transparencia<\/strong> como uno de los pilares de su gesti\u00f3n.<\/p>\n<p>El ministro afirm\u00f3 que en las obras desarrolladas por el <strong>Ministerio de Turismo<\/strong> han participado <strong>mecanismos de veedur\u00eda<\/strong> en los que intervienen <strong>universidades e iglesias<\/strong>.<\/p>\n<p>Asimismo, resalt\u00f3 el modelo de <strong>coordinaci\u00f3n p\u00fablico-privada<\/strong> utilizado para tomar decisiones relacionadas con la promoci\u00f3n tur\u00edstica y el fortalecimiento de la <strong>marca Rep\u00fablica. <\/strong><\/p>\n","protected":false},"excerpt":{"rendered":"<p>El ministro de Turismo, David Collado, estim\u00f3 en unos 3,500 millones de pesos la inversi\u00f3n&#8230;<\/p>\n","protected":false},"author":3,"featured_media":7625,"comment_status":"open","ping_status":"open","sticky":false,"template":"","format":"standard","meta":{"footnotes":""},"categories":[5,3],"tags":[],"class_list":["post-7624","post","type-post","status-publish","format-standard","has-post-thumbnail","hentry","category-portada","category-turismo"],"_links":{"self":[{"href":"https:\/\/elviajero.com.do\/index.php\/wp-json\/wp\/v2\/posts\/7624","targetHints":{"allow":["GET"]}}],"collection":[{"href":"https:\/\/elviajero.com.do\/index.php\/wp-json\/wp\/v2\/posts"}],"about":[{"href":"https:\/\/elviajero.com.do\/index.php\/wp-json\/wp\/v2\/types\/post"}],"author":[{"embeddable":true,"href":"https:\/\/elviajero.com.do\/index.php\/wp-json\/wp\/v2\/users\/3"}],"replies":[{"embeddable":true,"href":"https:\/\/elviajero.com.do\/index.php\/wp-json\/wp\/v2\/comments?post=7624"}],"version-history":[{"count":3,"href":"https:\/\/elviajero.com.do\/index.php\/wp-json\/wp\/v2\/posts\/7624\/revisions"}],"predecessor-version":[{"id":7628,"href":"https:\/\/elviajero.com.do\/index.php\/wp-json\/wp\/v2\/posts\/7624\/revisions\/7628"}],"wp:featuredmedia":[{"embeddable":true,"href":"https:\/\/elviajero.com.do\/index.php\/wp-json\/wp\/v2\/media\/7625"}],"wp:attachment":[{"href":"https:\/\/elviajero.com.do\/index.php\/wp-json\/wp\/v2\/media?parent=7624"}],"wp:term":[{"taxonomy":"category","embeddable":true,"href":"https:\/\/elviajero.com.do\/index.php\/wp-json\/wp\/v2\/categories?post=7624"},{"taxonomy":"post_tag","embeddable":true,"href":"https:\/\/elviajero.com.do\/index.php\/wp-json\/wp\/v2\/tags?post=7624"}],"curies":[{"name":"wp","href":"https:\/\/api.w.org\/{rel}","templated":true}]}}