{"id":7631,"date":"2026-09-03T17:34:58","date_gmt":"2026-09-03T21:34:58","guid":{"rendered":"https:\/\/elviajero.com.do\/?p=7631"},"modified":"2026-09-03T17:34:58","modified_gmt":"2026-09-03T21:34:58","slug":"un-pais-entre-la-indiferencia-y-el-desgano","status":"publish","type":"post","link":"https:\/\/elviajero.com.do\/index.php\/2026\/09\/03\/un-pais-entre-la-indiferencia-y-el-desgano\/","title":{"rendered":"Un pa\u00eds entre la indiferencia\u00a0\u00a0y el desgano\u00a0"},"content":{"rendered":"<p>&nbsp;<\/p>\n<p><span data-contrast=\"auto\">Por: Rafael R. Ram\u00edrez Ferreira<\/span><span data-ccp-props=\"{&quot;201341983&quot;:0,&quot;335551550&quot;:3,&quot;335551620&quot;:3,&quot;335559739&quot;:0,&quot;335559740&quot;:240}\">\u00a0<\/span><\/p>\n<p><span data-contrast=\"auto\">Hoy deseo escribir desde una perspectiva personal, consciente de que este conjunto de temas quiz\u00e1 no despierte el inter\u00e9s de muchos ni reciba la atenci\u00f3n que merece. Pareciera que, como sociedad, nos hemos habituado a la mediocridad, especialmente cuando ciertos sectores, amparados en un supuesto liberalismo medi\u00e1tico, se encargan de presentarla como algo novedoso e indispensable para existir o participar plenamente en la vida social.<\/span><span data-ccp-props=\"{&quot;201341983&quot;:0,&quot;335551550&quot;:6,&quot;335551620&quot;:6,&quot;335559739&quot;:0,&quot;335559740&quot;:240}\">\u00a0<\/span><\/p>\n<p><span data-contrast=\"auto\">Para comprender esta realidad, conviene reconocer que una de las circunstancias m\u00e1s preocupantes de la vida es la facilidad con que nos acostumbramos a aquello que deber\u00eda indignarnos. Hoy parece faltar el deseo, o la fuerza interior, para expresar una condena firme ante tantos hechos bochornosos que se intentan disfrazar de tendencias modernas, como si fuera obligatorio adherirse a ellas para evitar se\u00f1alamientos o calificativos degradantes.<\/span><span data-ccp-props=\"{&quot;201341983&quot;:0,&quot;335551550&quot;:6,&quot;335551620&quot;:6,&quot;335559739&quot;:0,&quot;335559740&quot;:240}\">\u00a0<\/span><\/p>\n<p><span data-contrast=\"auto\">En medio de este marem\u00e1gnum de presiones morales e incluso materiales, reconocemos plenamente el derecho que asiste a todo ser humano a alimentarse y vivir con dignidad, principio que los pol\u00edticos suelen proclamar con especial \u00e9nfasis durante las campa\u00f1as electorales. Sin embargo, si se abordara este asunto con mayor delicadeza y responsabilidad, habr\u00eda que afirmar con igual o mayor fuerza que tambi\u00e9n existe la obligaci\u00f3n de trabajar, de realizar alguna labor o acci\u00f3n que justifique ese derecho y permita alcanzar una vida verdaderamente decente.<\/span><span data-ccp-props=\"{&quot;201341983&quot;:0,&quot;335551550&quot;:6,&quot;335551620&quot;:6,&quot;335559739&quot;:0,&quot;335559740&quot;:240}\">\u00a0<\/span><\/p>\n<p><span data-contrast=\"auto\">En d\u00edas pasados escrib\u00ed que recib\u00ed de mis padres, al igual que mis hermanos, una herencia corporativa integrada por varias compa\u00f1\u00edas imposibles de llevar a la bancarrota. Hemos procurado, por todos los medios, transmitirlas como legado a las pr\u00f3ximas generaciones, y deseamos que otras familias tambi\u00e9n puedan utilizarlas como herramientas para construir un mejor nivel de vida. Esas compa\u00f1\u00edas llevan por nombre honestidad, formaci\u00f3n hogare\u00f1a, responsabilidad y, con un valor equivalente al de las anteriores, amor por su pa\u00eds.<\/span><span data-ccp-props=\"{&quot;201341983&quot;:0,&quot;335551550&quot;:6,&quot;335551620&quot;:6,&quot;335559739&quot;:0,&quot;335559740&quot;:240}\">\u00a0<\/span><\/p>\n<p><span data-contrast=\"auto\">Resulta ya inocultable el desgano que nos consume como naci\u00f3n. Nada se prev\u00e9 y todo se deja en manos del Se\u00f1or \u2014cualquiera que sea el nombre con que cada uno lo invoque\u2014, a la espera de que la divina providencia, si existe, resuelva nuestros problemas sin que de nuestra parte se manifieste un verdadero esp\u00edritu de emprendimiento. M\u00e1s precisamente, sin que lo hagan muchos actores pol\u00edticos, quienes al final parecen ser principio y fin de buena parte de nuestras dificultades. En lugar de contener esta pandemia de irresponsabilidades, con frecuencia la agudizan, como ocurre con la intenci\u00f3n de ampliar a\u00fan m\u00e1s la burocracia estatal.<\/span><span data-ccp-props=\"{&quot;201341983&quot;:0,&quot;335551550&quot;:6,&quot;335551620&quot;:6,&quot;335559739&quot;:0,&quot;335559740&quot;:240}\">\u00a0<\/span><\/p>\n<p><span data-contrast=\"auto\">En nuestra cotidianidad, incluso la palabra excelencia parece brillar por su ausencia. Se invierten miles de millones en acondicionar balnearios, r\u00edos y playas, incluyendo la construcci\u00f3n de espacios de expendio para nuestros llamados \u201cpobres\u201d emprendedores, a quienes se les sustituyen antiguos mesones por modernos cub\u00edculos. No obstante, la calidad del servicio que ofrecen contin\u00faa siendo la misma: deficiente, precaria y marcada por la falta de higiene, acompa\u00f1ada muchas veces de m\u00fasica estridente cuyo volumen alcanza hasta el rinc\u00f3n m\u00e1s remoto. Mientras tanto, ninguna autoridad, aun estando presente, asume la responsabilidad de imponer el orden. As\u00ed, definitivamente, no puede hablarse de progreso, salvo que se pretenda construir sobre un gran enga\u00f1o. \u00a1 S\u00ed se\u00f1or!<\/span><span data-ccp-props=\"{&quot;201341983&quot;:0,&quot;335551550&quot;:6,&quot;335551620&quot;:6,&quot;335559739&quot;:0,&quot;335559740&quot;:240}\">\u00a0<\/span><\/p>\n<p>&nbsp;<\/p>\n","protected":false},"excerpt":{"rendered":"<p>&nbsp; Por: Rafael R. Ram\u00edrez Ferreira\u00a0 Hoy deseo escribir desde una perspectiva personal, consciente de&#8230;<\/p>\n","protected":false},"author":3,"featured_media":7181,"comment_status":"open","ping_status":"open","sticky":false,"template":"","format":"standard","meta":{"footnotes":""},"categories":[7],"tags":[],"class_list":["post-7631","post","type-post","status-publish","format-standard","has-post-thumbnail","hentry","category-opiniones"],"_links":{"self":[{"href":"https:\/\/elviajero.com.do\/index.php\/wp-json\/wp\/v2\/posts\/7631","targetHints":{"allow":["GET"]}}],"collection":[{"href":"https:\/\/elviajero.com.do\/index.php\/wp-json\/wp\/v2\/posts"}],"about":[{"href":"https:\/\/elviajero.com.do\/index.php\/wp-json\/wp\/v2\/types\/post"}],"author":[{"embeddable":true,"href":"https:\/\/elviajero.com.do\/index.php\/wp-json\/wp\/v2\/users\/3"}],"replies":[{"embeddable":true,"href":"https:\/\/elviajero.com.do\/index.php\/wp-json\/wp\/v2\/comments?post=7631"}],"version-history":[{"count":1,"href":"https:\/\/elviajero.com.do\/index.php\/wp-json\/wp\/v2\/posts\/7631\/revisions"}],"predecessor-version":[{"id":7632,"href":"https:\/\/elviajero.com.do\/index.php\/wp-json\/wp\/v2\/posts\/7631\/revisions\/7632"}],"wp:featuredmedia":[{"embeddable":true,"href":"https:\/\/elviajero.com.do\/index.php\/wp-json\/wp\/v2\/media\/7181"}],"wp:attachment":[{"href":"https:\/\/elviajero.com.do\/index.php\/wp-json\/wp\/v2\/media?parent=7631"}],"wp:term":[{"taxonomy":"category","embeddable":true,"href":"https:\/\/elviajero.com.do\/index.php\/wp-json\/wp\/v2\/categories?post=7631"},{"taxonomy":"post_tag","embeddable":true,"href":"https:\/\/elviajero.com.do\/index.php\/wp-json\/wp\/v2\/tags?post=7631"}],"curies":[{"name":"wp","href":"https:\/\/api.w.org\/{rel}","templated":true}]}}