{"id":7642,"date":"2026-09-03T19:53:19","date_gmt":"2026-09-03T23:53:19","guid":{"rendered":"https:\/\/elviajero.com.do\/?p=7642"},"modified":"2026-09-03T19:53:36","modified_gmt":"2026-09-03T23:53:36","slug":"san-cristobal-impulsa-su-primera-guia-turistica","status":"publish","type":"post","link":"https:\/\/elviajero.com.do\/index.php\/2026\/09\/03\/san-cristobal-impulsa-su-primera-guia-turistica\/","title":{"rendered":"San Crist\u00f3bal impulsa su primera gu\u00eda tur\u00edstica"},"content":{"rendered":"<p class=\"isSelectedEnd\"><strong>San Crist\u00f3bal, Rep\u00fablica Dominicana.-<\/strong><\/p>\n<p class=\"isSelectedEnd\">La provincia de San Crist\u00f3bal se prepara para dar un nuevo paso en la promoci\u00f3n de sus atractivos tur\u00edsticos con la creaci\u00f3n de su primera <strong>Gu\u00eda Tur\u00edstica del Destino San Crist\u00f3bal<\/strong>, una iniciativa que busca organizar y proyectar la oferta de la provincia en los mercados nacional e internacional.<\/p>\n<p class=\"isSelectedEnd\">La propuesta fue presentada por <strong>Milka Hern\u00e1ndez, gerente general de Grupo Sarma<\/strong>, quien hizo un llamado al empresariado, las autoridades y las organizaciones vinculadas al desarrollo provincial a integrarse al proyecto, concebido como una herramienta de promoci\u00f3n y orientaci\u00f3n para visitantes, agencias de viajes, operadores tur\u00edsticos y residentes.<\/p>\n<p class=\"isSelectedEnd\">Durante una entrevista concedida a <strong>LoaTV<\/strong>, bajo la conducci\u00f3n del comunicador Leonardo Ortiz, Hern\u00e1ndez explic\u00f3 que la publicaci\u00f3n permitir\u00e1 reunir en un solo espacio los principales atractivos y servicios tur\u00edsticos de San Crist\u00f3bal, al tiempo que contribuir\u00e1 a fortalecer la identidad y el posicionamiento de la provincia como destino.<\/p>\n<p class=\"isSelectedEnd\">La gu\u00eda mostrar\u00e1 el patrimonio hist\u00f3rico y cultural, playas, r\u00edos, monta\u00f1as, \u00e1reas protegidas, gastronom\u00eda, emprendimientos locales y experiencias de turismo comunitario. Tambi\u00e9n ofrecer\u00e1 informaci\u00f3n pr\u00e1ctica sobre lugares para visitar, opciones de alojamiento, restaurantes, actividades y servicios disponibles en los distintos municipios.<\/p>\n<p class=\"isSelectedEnd\">\u201cSan Crist\u00f3bal necesita una herramienta que re\u00fana su oferta y la presente con una visi\u00f3n integral. Para alcanzar ese objetivo es fundamental la participaci\u00f3n del empresariado y de las instituciones p\u00fablicas, porque esta gu\u00eda debe ser asumida como un proyecto de toda la provincia\u201d, afirm\u00f3 Hern\u00e1ndez.<\/p>\n<p class=\"isSelectedEnd\">El proyecto abarcar\u00e1 los municipios de <strong>San Crist\u00f3bal, Bajos de Haina, Villa Altagracia, Los Cacaos, Cambita Garabitos, Yaguate, Sabana Grande de Palenque y San Gregorio de Nigua<\/strong>, con contenidos destinados a resaltar las particularidades de cada territorio.<\/p>\n<p class=\"isSelectedEnd\">Entre las propuestas que ser\u00e1n incluidas figuran rutas hist\u00f3ricas, culturales, gastron\u00f3micas, naturales y de aventura, con el prop\u00f3sito de estimular el recorrido por los diferentes municipios y ampliar las posibilidades de negocios para emprendedores y empresas vinculadas al sector.<\/p>\n<p class=\"isSelectedEnd\">Uno de los elementos novedosos de la publicaci\u00f3n ser\u00e1 su formato biling\u00fce, ya que estar\u00e1 disponible en <strong>espa\u00f1ol e ingl\u00e9s<\/strong>, tanto en versi\u00f3n impresa como digital interactiva. La plataforma incorporar\u00e1 c\u00f3digos QR, herramientas de geolocalizaci\u00f3n y enlaces que facilitar\u00e1n al lector ampliar la informaci\u00f3n y establecer contacto con los establecimientos y atractivos incluidos.<\/p>\n<p class=\"isSelectedEnd\">La estrategia de promoci\u00f3n contempla adem\u00e1s la presencia de la gu\u00eda en plataformas digitales, ferias especializadas, asociaciones tur\u00edsticas, agencias de viajes, operadores, hoteles, restaurantes, universidades y espacios destinados a la orientaci\u00f3n de visitantes.<\/p>\n<p class=\"isSelectedEnd\">Hern\u00e1ndez destac\u00f3 que la iniciativa requiere de una participaci\u00f3n amplia de los sectores que inciden en el desarrollo de la provincia, por lo que invit\u00f3 a las alcald\u00edas, instituciones gubernamentales, legisladores, c\u00e1maras de comercio, empresas, asociaciones y emprendedores a formar parte del proceso.<\/p>\n<p class=\"isSelectedEnd\">La provincia cuenta con importantes condiciones para fortalecer su actividad tur\u00edstica. Su cercan\u00eda con Santo Domingo, el litoral caribe\u00f1o, sus monta\u00f1as, r\u00edos, presas y comunidades rurales se combinan con un importante patrimonio hist\u00f3rico y cultural, entre ellos su v\u00ednculo con la primera Constituci\u00f3n de la Rep\u00fablica Dominicana.<\/p>\n<p class=\"isSelectedEnd\">San Crist\u00f3bal fue declarada provincia ecotur\u00edstica mediante la <strong>Ley 40-23<\/strong>, lo que abre oportunidades para impulsar nuevas actividades relacionadas con la naturaleza, la cultura, la gastronom\u00eda y el turismo comunitario.<\/p>\n<p class=\"isSelectedEnd\">La nueva publicaci\u00f3n ser\u00e1 la <strong>gu\u00eda tur\u00edstica n\u00famero 14 desarrollada por Grupo Sarma<\/strong>, como parte de su trabajo editorial dirigido a respaldar la promoci\u00f3n y posicionamiento de los destinos dominicanos.<\/p>\n<p class=\"isSelectedEnd\">El proyecto cuenta con el acompa\u00f1amiento del <strong>Cl\u00faster Tur\u00edstico y de Producci\u00f3n de la Provincia de San Crist\u00f3bal<\/strong> y est\u00e1 previsto que sea presentado oficialmente durante la <strong>Feria ExpoConstituci\u00f3n<\/strong>, en noviembre de este a\u00f1o.<\/p>\n<p>Hern\u00e1ndez reiter\u00f3 que las empresas, instituciones y autoridades interesadas en apoyar la iniciativa o formar parte de la publicaci\u00f3n pueden comunicarse al <strong>849-858-2954<\/strong>, con el objetivo de contribuir a la construcci\u00f3n de una plataforma que re\u00fana y proyecte la diversidad tur\u00edstica de San Crist\u00f3bal.<\/p>\n","protected":false},"excerpt":{"rendered":"<p>San Crist\u00f3bal, Rep\u00fablica Dominicana.- La provincia de San Crist\u00f3bal se prepara para dar un nuevo&#8230;<\/p>\n","protected":false},"author":3,"featured_media":7643,"comment_status":"open","ping_status":"open","sticky":false,"template":"","format":"standard","meta":{"footnotes":""},"categories":[2,3],"tags":[],"class_list":["post-7642","post","type-post","status-publish","format-standard","has-post-thumbnail","hentry","category-nacionales","category-turismo"],"_links":{"self":[{"href":"https:\/\/elviajero.com.do\/index.php\/wp-json\/wp\/v2\/posts\/7642","targetHints":{"allow":["GET"]}}],"collection":[{"href":"https:\/\/elviajero.com.do\/index.php\/wp-json\/wp\/v2\/posts"}],"about":[{"href":"https:\/\/elviajero.com.do\/index.php\/wp-json\/wp\/v2\/types\/post"}],"author":[{"embeddable":true,"href":"https:\/\/elviajero.com.do\/index.php\/wp-json\/wp\/v2\/users\/3"}],"replies":[{"embeddable":true,"href":"https:\/\/elviajero.com.do\/index.php\/wp-json\/wp\/v2\/comments?post=7642"}],"version-history":[{"count":1,"href":"https:\/\/elviajero.com.do\/index.php\/wp-json\/wp\/v2\/posts\/7642\/revisions"}],"predecessor-version":[{"id":7644,"href":"https:\/\/elviajero.com.do\/index.php\/wp-json\/wp\/v2\/posts\/7642\/revisions\/7644"}],"wp:featuredmedia":[{"embeddable":true,"href":"https:\/\/elviajero.com.do\/index.php\/wp-json\/wp\/v2\/media\/7643"}],"wp:attachment":[{"href":"https:\/\/elviajero.com.do\/index.php\/wp-json\/wp\/v2\/media?parent=7642"}],"wp:term":[{"taxonomy":"category","embeddable":true,"href":"https:\/\/elviajero.com.do\/index.php\/wp-json\/wp\/v2\/categories?post=7642"},{"taxonomy":"post_tag","embeddable":true,"href":"https:\/\/elviajero.com.do\/index.php\/wp-json\/wp\/v2\/tags?post=7642"}],"curies":[{"name":"wp","href":"https:\/\/api.w.org\/{rel}","templated":true}]}}