{"id":7646,"date":"2026-09-03T20:16:14","date_gmt":"2026-09-04T00:16:14","guid":{"rendered":"https:\/\/elviajero.com.do\/?p=7646"},"modified":"2026-09-03T20:16:41","modified_gmt":"2026-09-04T00:16:41","slug":"milly-quezada-llega-al-cine-con-su-historia-musical","status":"publish","type":"post","link":"https:\/\/elviajero.com.do\/index.php\/2026\/09\/03\/milly-quezada-llega-al-cine-con-su-historia-musical\/","title":{"rendered":"Milly Quezada llega al cine con su historia musical"},"content":{"rendered":"<p>&nbsp;<\/p>\n<p><strong>Nueva York.<\/strong>\u2013<\/p>\n<p>La trayectoria de la cantante dominicana Milly Quezada, reconocida internacionalmente como la Reina del Merengue, dar\u00e1 el salto a la gran pantalla con el bio-musical <strong>\u201cMilly: Queen of Merengue\u201d<\/strong>, una de las producciones que formar\u00e1 parte de la edici\u00f3n n\u00famero 26 del <strong>New York Latino Film Festival (NYLFF)<\/strong>.<\/p>\n<p>El festival, que se celebrar\u00e1 del <strong>13 al 20 de septiembre<\/strong>, reunir\u00e1 durante ocho d\u00edas m\u00e1s de 125 pel\u00edculas procedentes de unos 20 pa\u00edses, en una celebraci\u00f3n de la diversidad, el talento y las historias de la comunidad latina en Nueva York.<\/p>\n<p>La pel\u00edcula, de 118 minutos y coproducida por Rep\u00fablica Dominicana y Puerto Rico, es dirigida por <strong>Leticia Tonos Paniagua<\/strong> y cuenta con <strong>Sandy Hern\u00e1ndez<\/strong> en el papel protag\u00f3nico. La producci\u00f3n recorre la vida de Milly Quezada desde sus a\u00f1os en <strong>Washington Heights<\/strong>, en Nueva York, hasta su consagraci\u00f3n como una de las grandes figuras femeninas de la m\u00fasica tropical.<\/p>\n<p>La historia adquiere un significado especial para la comunidad dominicana de Nueva York, donde Milly construy\u00f3 parte importante de su trayectoria y mantuvo una estrecha conexi\u00f3n con el p\u00fablico del Alto Manhattan. Su carrera, desarrollada durante varias d\u00e9cadas, la convirti\u00f3 en una de las voces m\u00e1s influyentes del merengue y en una artista de proyecci\u00f3n internacional.<\/p>\n<p>El filme no solo aborda los momentos m\u00e1s importantes de su carrera art\u00edstica, sino que tambi\u00e9n pone en pantalla elementos relacionados con sus ra\u00edces, su identidad y la perseverancia que<img loading=\"lazy\" decoding=\"async\" class=\"alignnone size-full wp-image-7648\" src=\"https:\/\/elviajero.com.do\/wp-content\/uploads\/2026\/09\/Milly-Quezada.webp\" alt=\"\" width=\"833\" height=\"510\" srcset=\"https:\/\/elviajero.com.do\/wp-content\/uploads\/2026\/09\/Milly-Quezada.webp 833w, https:\/\/elviajero.com.do\/wp-content\/uploads\/2026\/09\/Milly-Quezada-300x184.webp 300w, https:\/\/elviajero.com.do\/wp-content\/uploads\/2026\/09\/Milly-Quezada-768x470.webp 768w\" sizes=\"auto, (max-width: 833px) 100vw, 833px\" \/><\/p>\n<p>La participaci\u00f3n de <strong>\u201cMilly: Queen of Merengue\u201d<\/strong> en el NYLFF representa adem\u00e1s un reconocimiento al impacto cultural del merengue dominicano y al legado de una artista que ha contribuido a mantener vigente el g\u00e9nero dentro y fuera de Rep\u00fablica Dominicana.<\/p>\n<p>La edici\u00f3n 26 del festival contar\u00e1 tambi\u00e9n con largometrajes, documentales, cortometrajes y producciones digitales de Estados Unidos, el Caribe y Am\u00e9rica Latina. Entre las propuestas figuran <strong>\u201cOtra\u201d<\/strong>, debut como director de Armani Ortiz, y <strong>\u201cWithout Blood\u201d<\/strong>, dirigida por Angelina Jolie y protagonizada por Salma Hayek Pinault y Demi\u00e1n Bichir.<\/p>\n<p>El encuentro cinematogr\u00e1fico concluir\u00e1 con una fiesta comunitaria gratuita en <strong>Quisqueya Plaza<\/strong>, en el Uptown de Manhattan, escenario que simboliza la cercan\u00eda del festival con las comunidades latinas.<\/p>\n<p>En ese ambiente de celebraci\u00f3n cultural, la historia de Milly Quezada tendr\u00e1 un espacio particularmente emotivo: la de una dominicana vinculada a la comunidad neoyorquina que convirti\u00f3 el merengue en una bandera art\u00edstica y ahora ve parte de su vida y su legado transformados en una historia para el cine.<\/p>\n","protected":false},"excerpt":{"rendered":"<p>&nbsp; Nueva York.\u2013 La trayectoria de la cantante dominicana Milly Quezada, reconocida internacionalmente como la&#8230;<\/p>\n","protected":false},"author":3,"featured_media":7647,"comment_status":"open","ping_status":"open","sticky":false,"template":"","format":"standard","meta":{"footnotes":""},"categories":[8,2,5],"tags":[],"class_list":["post-7646","post","type-post","status-publish","format-standard","has-post-thumbnail","hentry","category-dominicanos-en-el-exterior","category-nacionales","category-portada"],"_links":{"self":[{"href":"https:\/\/elviajero.com.do\/index.php\/wp-json\/wp\/v2\/posts\/7646","targetHints":{"allow":["GET"]}}],"collection":[{"href":"https:\/\/elviajero.com.do\/index.php\/wp-json\/wp\/v2\/posts"}],"about":[{"href":"https:\/\/elviajero.com.do\/index.php\/wp-json\/wp\/v2\/types\/post"}],"author":[{"embeddable":true,"href":"https:\/\/elviajero.com.do\/index.php\/wp-json\/wp\/v2\/users\/3"}],"replies":[{"embeddable":true,"href":"https:\/\/elviajero.com.do\/index.php\/wp-json\/wp\/v2\/comments?post=7646"}],"version-history":[{"count":2,"href":"https:\/\/elviajero.com.do\/index.php\/wp-json\/wp\/v2\/posts\/7646\/revisions"}],"predecessor-version":[{"id":7650,"href":"https:\/\/elviajero.com.do\/index.php\/wp-json\/wp\/v2\/posts\/7646\/revisions\/7650"}],"wp:featuredmedia":[{"embeddable":true,"href":"https:\/\/elviajero.com.do\/index.php\/wp-json\/wp\/v2\/media\/7647"}],"wp:attachment":[{"href":"https:\/\/elviajero.com.do\/index.php\/wp-json\/wp\/v2\/media?parent=7646"}],"wp:term":[{"taxonomy":"category","embeddable":true,"href":"https:\/\/elviajero.com.do\/index.php\/wp-json\/wp\/v2\/categories?post=7646"},{"taxonomy":"post_tag","embeddable":true,"href":"https:\/\/elviajero.com.do\/index.php\/wp-json\/wp\/v2\/tags?post=7646"}],"curies":[{"name":"wp","href":"https:\/\/api.w.org\/{rel}","templated":true}]}}