{"id":765,"date":"2025-09-10T17:36:17","date_gmt":"2025-09-10T21:36:17","guid":{"rendered":"https:\/\/elviajero.com.do\/?p=765"},"modified":"2025-09-10T17:48:39","modified_gmt":"2025-09-10T21:48:39","slug":"cinco-presuntos-delincuentes-caen-en-enfrentamiento-con-la-policia-en-santiago","status":"publish","type":"post","link":"https:\/\/elviajero.com.do\/index.php\/2025\/09\/10\/cinco-presuntos-delincuentes-caen-en-enfrentamiento-con-la-policia-en-santiago\/","title":{"rendered":"Cinco presuntos delincuentes caen en enfrentamiento con la Polic\u00eda en Santiago"},"content":{"rendered":"<p>&nbsp;<\/p>\n<p data-start=\"86\" data-end=\"338\"><strong data-start=\"86\" data-end=\"120\">Santiago de los Caballeros, RD<\/strong> \u2013<\/p>\n<p data-start=\"86\" data-end=\"338\">La tranquilidad de la tarde de este mi\u00e9rcoles se vio interrumpida en el sector La Barranquita, cuando cinco hombres perdieron la vida durante un presunto intercambio de disparos con agentes de la Polic\u00eda Nacional.<\/p>\n<p data-start=\"340\" data-end=\"621\">Seg\u00fan el informe preliminar de las autoridades, el hecho ocurri\u00f3 tras una intensa persecuci\u00f3n que se inici\u00f3 cuando el grupo de individuos habr\u00eda intentado perpetrar un atraco en la zona. La r\u00e1pida respuesta de los uniformados deriv\u00f3 en el enfrentamiento que dej\u00f3 el saldo mortal.<\/p>\n<p data-start=\"623\" data-end=\"829\">De los cinco fallecidos, hasta el momento solo uno ha sido identificado como <strong data-start=\"700\" data-end=\"734\">Edward Bernardo Pe\u00f1a Rodr\u00edguez<\/strong>, mientras que se espera la confirmaci\u00f3n de las identidades de los otros cuatro involucrados.<\/p>\n<p data-start=\"831\" data-end=\"1080\">La Polic\u00eda Nacional inform\u00f3 que en la escena fueron ocupadas varias armas de fuego y que contin\u00faan las investigaciones para esclarecer los detalles del caso y determinar si los abatidos forman parte de una banda delictiva que operaba en la regi\u00f3n.<\/p>\n<p data-start=\"1082\" data-end=\"1339\">El hecho ha generado alarma entre los residentes de La Barranquita, quienes expresaron preocupaci\u00f3n por la violencia registrada en su comunidad. Autoridades aseguraron que reforzar\u00e1n el patrullaje en la zona para garantizar la seguridad de los ciudadanos.<\/p>\n","protected":false},"excerpt":{"rendered":"<p>&nbsp; Santiago de los Caballeros, RD \u2013 La tranquilidad de la tarde de este mi\u00e9rcoles&#8230;<\/p>\n","protected":false},"author":3,"featured_media":769,"comment_status":"open","ping_status":"open","sticky":false,"template":"","format":"standard","meta":{"footnotes":""},"categories":[2],"tags":[],"class_list":["post-765","post","type-post","status-publish","format-standard","has-post-thumbnail","hentry","category-nacionales"],"_links":{"self":[{"href":"https:\/\/elviajero.com.do\/index.php\/wp-json\/wp\/v2\/posts\/765","targetHints":{"allow":["GET"]}}],"collection":[{"href":"https:\/\/elviajero.com.do\/index.php\/wp-json\/wp\/v2\/posts"}],"about":[{"href":"https:\/\/elviajero.com.do\/index.php\/wp-json\/wp\/v2\/types\/post"}],"author":[{"embeddable":true,"href":"https:\/\/elviajero.com.do\/index.php\/wp-json\/wp\/v2\/users\/3"}],"replies":[{"embeddable":true,"href":"https:\/\/elviajero.com.do\/index.php\/wp-json\/wp\/v2\/comments?post=765"}],"version-history":[{"count":1,"href":"https:\/\/elviajero.com.do\/index.php\/wp-json\/wp\/v2\/posts\/765\/revisions"}],"predecessor-version":[{"id":767,"href":"https:\/\/elviajero.com.do\/index.php\/wp-json\/wp\/v2\/posts\/765\/revisions\/767"}],"wp:featuredmedia":[{"embeddable":true,"href":"https:\/\/elviajero.com.do\/index.php\/wp-json\/wp\/v2\/media\/769"}],"wp:attachment":[{"href":"https:\/\/elviajero.com.do\/index.php\/wp-json\/wp\/v2\/media?parent=765"}],"wp:term":[{"taxonomy":"category","embeddable":true,"href":"https:\/\/elviajero.com.do\/index.php\/wp-json\/wp\/v2\/categories?post=765"},{"taxonomy":"post_tag","embeddable":true,"href":"https:\/\/elviajero.com.do\/index.php\/wp-json\/wp\/v2\/tags?post=765"}],"curies":[{"name":"wp","href":"https:\/\/api.w.org\/{rel}","templated":true}]}}