{"id":7652,"date":"2026-09-03T20:43:58","date_gmt":"2026-09-04T00:43:58","guid":{"rendered":"https:\/\/elviajero.com.do\/?p=7652"},"modified":"2026-09-03T20:43:58","modified_gmt":"2026-09-04T00:43:58","slug":"leonel-fp-aun-no-define-candidato-para-2028","status":"publish","type":"post","link":"https:\/\/elviajero.com.do\/index.php\/2026\/09\/03\/leonel-fp-aun-no-define-candidato-para-2028\/","title":{"rendered":"Leonel: FP a\u00fan no define candidato para 2028"},"content":{"rendered":"<p><strong>Santo Domingo-RD<\/strong><\/p>\n<p>El presidente de la Fuerza del Pueblo (FP), Leonel Fern\u00e1ndez, afirm\u00f3 que esa organizaci\u00f3n pol\u00edtica todav\u00eda no ha definido qui\u00e9n ser\u00e1 su candidato presidencial para las elecciones de 2028, al considerar que a\u00fan no ha llegado el momento de adoptar una decisi\u00f3n en ese sentido.<\/p>\n<p>El expresidente de la Rep\u00fablica explic\u00f3 que la escogencia de las candidaturas deber\u00e1 hacerse dentro de los plazos establecidos por las leyes de Partidos Pol\u00edticos y de R\u00e9gimen Electoral, por lo que descart\u00f3 que en esta etapa pueda producirse una proclamaci\u00f3n formal de su candidatura o la de su hijo, el senador Omar Fern\u00e1ndez.<\/p>\n<p>Fern\u00e1ndez sostuvo que tanto \u00e9l como Omar deber\u00e1n esperar a que se abra el per\u00edodo correspondiente y a que avance el calendario electoral para determinar sus pr\u00f3ximos pasos dentro del escenario pol\u00edtico nacional.<\/p>\n<p>\u201cTenemos que esperar que las cosas evolucionen y entonces, cuando haya una campa\u00f1a formal, podemos hablar de eso, pero ni yo puedo presentarme como candidato, ni Omar tampoco porque el plazo legal no lo permite\u201d, expres\u00f3 al responder preguntas de periodistas.<\/p>\n<p>El dirigente pol\u00edtico llam\u00f3 a esperar el inicio formal de la campa\u00f1a y de la precampa\u00f1a, etapas en las que, conforme al calendario electoral y las disposiciones legales, los partidos podr\u00e1n avanzar en la definici\u00f3n de sus candidaturas para los diferentes niveles de elecci\u00f3n.<\/p>\n<p>Las declaraciones de Fern\u00e1ndez se producen en momentos en que las organizaciones pol\u00edticas comienzan a movilizar sus estructuras y a proyectar posibles figuras de cara al proceso electoral de 2028, aunque todav\u00eda faltan etapas para la selecci\u00f3n oficial de los candidatos.<\/p>\n<p>El presidente de la Fuerza del Pueblo tambi\u00e9n destac\u00f3 el crecimiento que, seg\u00fan afirm\u00f3, registra esa organizaci\u00f3n en distintos puntos del territorio nacional. Asegur\u00f3 que las mediciones electorales que maneja el partido reflejan un incremento de su respaldo y que existe entusiasmo entre sus dirigentes y militantes.<\/p>\n<p>\u201cEn la Fuerza del Pueblo estamos en ascenso constante, el apoyo se siente en todo el pa\u00eds y se siente el entusiasmo entre sus compa\u00f1eros\u201d, manifest\u00f3.<\/p>\n<p>Fern\u00e1ndez ha insistido en que las decisiones relacionadas con las candidaturas deben producirse dentro del marco establecido por las normas electorales, evitando adelantar una definici\u00f3n que, a su juicio, corresponde a una etapa posterior del proceso.<\/p>\n<p>Mientras tanto, la Fuerza del Pueblo contin\u00faa fortaleciendo sus estructuras partidarias y su presencia territorial, a la espera de que se acerquen los plazos legales que permitir\u00e1n definir oficialmente las candidaturas con las que acudir\u00e1 a las elecciones de 2028.<\/p>\n<p>&nbsp;<\/p>\n","protected":false},"excerpt":{"rendered":"<p>Santo Domingo-RD El presidente de la Fuerza del Pueblo (FP), Leonel Fern\u00e1ndez, afirm\u00f3 que esa&#8230;<\/p>\n","protected":false},"author":3,"featured_media":7653,"comment_status":"open","ping_status":"open","sticky":false,"template":"","format":"standard","meta":{"footnotes":""},"categories":[2,5],"tags":[],"class_list":["post-7652","post","type-post","status-publish","format-standard","has-post-thumbnail","hentry","category-nacionales","category-portada"],"_links":{"self":[{"href":"https:\/\/elviajero.com.do\/index.php\/wp-json\/wp\/v2\/posts\/7652","targetHints":{"allow":["GET"]}}],"collection":[{"href":"https:\/\/elviajero.com.do\/index.php\/wp-json\/wp\/v2\/posts"}],"about":[{"href":"https:\/\/elviajero.com.do\/index.php\/wp-json\/wp\/v2\/types\/post"}],"author":[{"embeddable":true,"href":"https:\/\/elviajero.com.do\/index.php\/wp-json\/wp\/v2\/users\/3"}],"replies":[{"embeddable":true,"href":"https:\/\/elviajero.com.do\/index.php\/wp-json\/wp\/v2\/comments?post=7652"}],"version-history":[{"count":1,"href":"https:\/\/elviajero.com.do\/index.php\/wp-json\/wp\/v2\/posts\/7652\/revisions"}],"predecessor-version":[{"id":7654,"href":"https:\/\/elviajero.com.do\/index.php\/wp-json\/wp\/v2\/posts\/7652\/revisions\/7654"}],"wp:featuredmedia":[{"embeddable":true,"href":"https:\/\/elviajero.com.do\/index.php\/wp-json\/wp\/v2\/media\/7653"}],"wp:attachment":[{"href":"https:\/\/elviajero.com.do\/index.php\/wp-json\/wp\/v2\/media?parent=7652"}],"wp:term":[{"taxonomy":"category","embeddable":true,"href":"https:\/\/elviajero.com.do\/index.php\/wp-json\/wp\/v2\/categories?post=7652"},{"taxonomy":"post_tag","embeddable":true,"href":"https:\/\/elviajero.com.do\/index.php\/wp-json\/wp\/v2\/tags?post=7652"}],"curies":[{"name":"wp","href":"https:\/\/api.w.org\/{rel}","templated":true}]}}