{"id":7656,"date":"2026-09-04T13:52:00","date_gmt":"2026-09-04T17:52:00","guid":{"rendered":"https:\/\/elviajero.com.do\/?p=7656"},"modified":"2026-09-04T13:52:08","modified_gmt":"2026-09-04T17:52:08","slug":"leonel-y-danilo-saldo-en-cero","status":"publish","type":"post","link":"https:\/\/elviajero.com.do\/index.php\/2026\/09\/04\/leonel-y-danilo-saldo-en-cero\/","title":{"rendered":"Leonel y Danilo: saldo en cero"},"content":{"rendered":"<div class=\"nH\">\n<div class=\"aHU hx\">\n<div role=\"list\">\n<div class=\"h7 ie\" tabindex=\"-1\" role=\"listitem\" aria-expanded=\"true\">\n<div class=\"Bk\">\n<div class=\"G3 G2\">\n<div>\n<div id=\"avWBGd-3\">\n<div id=\"avWBGd-4\">\n<div class=\"adn ads\" data-message-id=\"#msg-a:r380027253965133758\" data-legacy-message-id=\"1a06d8a65d8edcbf\">\n<div class=\"gs\">\n<div class=\" \">\n<div id=\":nj\" class=\"ii gt\">\n<div id=\":ni\" class=\"a3s aiL \">\n<div id=\"avWBGd-20\">\n<div dir=\"auto\">\n<div dir=\"auto\">Por: Alejandro Santos<\/div>\n<div dir=\"auto\"><\/div>\n<div dir=\"auto\">Leonel Fern\u00e1ndez est\u00e1 hoy muy lejos de ser aquel joven de Villa Juana, y Danilo Medina tampoco es ya el mismo dirigente oriundo de Arroyo Cano. Ambos son expresidentes de la Rep\u00fablica, l\u00edderes con poderes acumulados, pero atrapados por sus egos, que parecen congelarlos en la \u201csinraz\u00f3n\u201d de la pol\u00edtica.<\/div>\n<div dir=\"auto\"><\/div>\n<div dir=\"auto\">Danilo contribuy\u00f3, desde los or\u00edgenes, al ascenso del liderazgo de Leonel. Lo respald\u00f3 para alcanzar la Presidencia de la Rep\u00fablica en 1996 y volvi\u00f3 a apoyarlo para su retorno al poder en 2004.<\/div>\n<div dir=\"auto\"><\/div>\n<div dir=\"auto\">Leonel, a su vez, correspondi\u00f3 a Danilo respald\u00e1ndolo como candidato presidencial del PLD en las elecciones del a\u00f1o 2000. M\u00e1s adelante, puso a su disposici\u00f3n el engranaje pol\u00edtico construido desde el poder para que alcanzara la Presidencia en las elecciones de 2012.<\/div>\n<div dir=\"auto\"><\/div>\n<div dir=\"auto\">Ambos han contribuido, de manera rec\u00edproca, al \u00e9xito pol\u00edtico del otro. Ninguno puede contar su historia de poder sin reservar un espacio importante para el papel desempe\u00f1ado por el otro.<\/div>\n<div dir=\"auto\"><\/div>\n<div dir=\"auto\">Por eso se puede decir que, entre Leonel y Danilo, la deuda est\u00e1 saldada. Podr\u00edan perfectamente regresar al punto de origen, colocar sus diferencias en una balanza y comenzar de cero nuevamente.<\/div>\n<div dir=\"auto\"><\/div>\n<div dir=\"auto\">Por profundas que sean las heridas que se hayan causado, Leonel y Danilo, como pol\u00edticos profesionales y con la experiencia acumulada, deben saber perfectamente que en pol\u00edtica no se guardan rencores para siempre y que los golpes recibidos y propinados forman parte de los \u201cgajes del oficio\u201d.<\/div>\n<div dir=\"auto\"><\/div>\n<div dir=\"auto\">Sin embargo, hacen todo lo contrario. En ellos prevalecen el rencor y el ego de quienes, despu\u00e9s de ejercer tanto poder, terminan crey\u00e9ndose por encima de los dem\u00e1s mortales. Se empecinan en mantener posiciones irreconciliables que, lejos de fortalecerlos, los debilitan y descalifican a ambos.<\/div>\n<div dir=\"auto\"><\/div>\n<div dir=\"auto\">En las operaciones de suma y resta propias de las elecciones dominicanas, dentro de un sistema que exige el 50 % m\u00e1s uno de los votos para ganar la Presidencia, Leonel no gana sin el apoyo del PLD, y el PLD tampoco gana sin el apoyo de Leonel.<\/div>\n<div dir=\"auto\"><\/div>\n<div dir=\"auto\">Por eso llama la atenci\u00f3n que sus seguidores permanezcan ciegos, indiferentes o sin el valor necesario para rebelarse y poner en jaque a ambos dirigentes hasta llevarlos a buscar un acuerdo.<\/div>\n<div dir=\"auto\"><\/div>\n<div dir=\"auto\">Falta coraje y visi\u00f3n entre pelede\u00edstas y fuerzapeueblistas para exigir, con determinaci\u00f3n, una postura de acercamiento entre Danilo y Leonel.<\/div>\n<div dir=\"auto\"><\/div>\n<div dir=\"auto\">No se trata de pedirles que borren sus diferencias ni que vuelvan a compartir una misma organizaci\u00f3n, sino de que entiendan que la pol\u00edtica tambi\u00e9n exige sensatez, desprendimiento y capacidad para pactar.<\/div>\n<div dir=\"auto\"><\/div>\n<div dir=\"auto\">Mientras ambos contin\u00faen detenidos en la sinraz\u00f3n, sus partidos seguir\u00e1n condenados a dividir una fuerza que, unida, podr\u00eda competir con mayores posibilidades. Y si al final vuelven a quedar fuera del poder, no podr\u00e1n responsabilizar a nadie m\u00e1s que a ellos mismos.<\/div>\n<\/div>\n<div class=\"yj6qo\"><\/div>\n<div class=\"adL\"><\/div>\n<\/div>\n<\/div>\n<\/div>\n<div id=\"avWBGd-21\" class=\"WhmR8e\" data-hash=\"0\"><\/div>\n<\/div>\n<\/div>\n<div class=\"ajx\"><\/div>\n<\/div>\n<div class=\"gA gt acV\">\n<div class=\"gB xu\">\n<div class=\"mVCoBd\"><\/div>\n<div class=\"ip iq\">\n<div class=\"pLw6bb\"><\/div>\n<div id=\"avWBGd-22\" class=\"bJvOmf \"><\/div>\n<\/div>\n<\/div>\n<\/div>\n<\/div>\n<\/div>\n<\/div>\n<\/div>\n<\/div>\n<\/div>\n<\/div>\n<div><\/div>\n<\/div>\n<\/div>\n<div class=\"nH btDi4d\">\n<div>\n<div>\n<div class=\"amr\">\n<div class=\"nr wR\">\n<div class=\"amn\">\n<div class=\"wrsVRe\" data-position=\"dynamic\"><\/div>\n<\/div>\n<\/div>\n<\/div>\n<\/div>\n<\/div>\n<\/div>\n","protected":false},"excerpt":{"rendered":"<p>Por: Alejandro Santos Leonel Fern\u00e1ndez est\u00e1 hoy muy lejos de ser aquel joven de Villa&#8230;<\/p>\n","protected":false},"author":3,"featured_media":7508,"comment_status":"open","ping_status":"open","sticky":false,"template":"","format":"standard","meta":{"footnotes":""},"categories":[7],"tags":[],"class_list":["post-7656","post","type-post","status-publish","format-standard","has-post-thumbnail","hentry","category-opiniones"],"_links":{"self":[{"href":"https:\/\/elviajero.com.do\/index.php\/wp-json\/wp\/v2\/posts\/7656","targetHints":{"allow":["GET"]}}],"collection":[{"href":"https:\/\/elviajero.com.do\/index.php\/wp-json\/wp\/v2\/posts"}],"about":[{"href":"https:\/\/elviajero.com.do\/index.php\/wp-json\/wp\/v2\/types\/post"}],"author":[{"embeddable":true,"href":"https:\/\/elviajero.com.do\/index.php\/wp-json\/wp\/v2\/users\/3"}],"replies":[{"embeddable":true,"href":"https:\/\/elviajero.com.do\/index.php\/wp-json\/wp\/v2\/comments?post=7656"}],"version-history":[{"count":1,"href":"https:\/\/elviajero.com.do\/index.php\/wp-json\/wp\/v2\/posts\/7656\/revisions"}],"predecessor-version":[{"id":7657,"href":"https:\/\/elviajero.com.do\/index.php\/wp-json\/wp\/v2\/posts\/7656\/revisions\/7657"}],"wp:featuredmedia":[{"embeddable":true,"href":"https:\/\/elviajero.com.do\/index.php\/wp-json\/wp\/v2\/media\/7508"}],"wp:attachment":[{"href":"https:\/\/elviajero.com.do\/index.php\/wp-json\/wp\/v2\/media?parent=7656"}],"wp:term":[{"taxonomy":"category","embeddable":true,"href":"https:\/\/elviajero.com.do\/index.php\/wp-json\/wp\/v2\/categories?post=7656"},{"taxonomy":"post_tag","embeddable":true,"href":"https:\/\/elviajero.com.do\/index.php\/wp-json\/wp\/v2\/tags?post=7656"}],"curies":[{"name":"wp","href":"https:\/\/api.w.org\/{rel}","templated":true}]}}