{"id":7661,"date":"2026-09-04T16:40:41","date_gmt":"2026-09-04T20:40:41","guid":{"rendered":"https:\/\/elviajero.com.do\/?p=7661"},"modified":"2026-09-04T16:40:54","modified_gmt":"2026-09-04T20:40:54","slug":"abinader-impulsa-modernizacion-del-campo","status":"publish","type":"post","link":"https:\/\/elviajero.com.do\/index.php\/2026\/09\/04\/abinader-impulsa-modernizacion-del-campo\/","title":{"rendered":"Abinader impulsa modernizaci\u00f3n del campo"},"content":{"rendered":"<p><strong>Punta Cana, Rep\u00fablica Dominicana.<\/strong>\u2013<\/p>\n<p>El presidente Luis Abinader reafirm\u00f3 el compromiso del Gobierno con la transformaci\u00f3n y modernizaci\u00f3n del sector agropecuario, mediante la mecanizaci\u00f3n, la innovaci\u00f3n y la formaci\u00f3n de capital humano, como parte de una estrategia dirigida a elevar la productividad y fortalecer la competitividad del campo dominicano.<\/p>\n<p>Al participar en el <strong>XXVIII Encuentro de L\u00edderes del Sector Agropecuario<\/strong>, organizado por la Junta Agroempresarial Dominicana (JAD), el mandatario destac\u00f3 la importancia de mantener un di\u00e1logo permanente con los productores para identificar los principales desaf\u00edos y buscar soluciones que permitan garantizar la producci\u00f3n nacional.<\/p>\n<p>Abinader se\u00f1al\u00f3 que el <strong>arroz<\/strong> constituye uno de los principales temas de negociaci\u00f3n con Estados Unidos en las conversaciones relacionadas con las tarifas, debido a su importancia estrat\u00e9gica para la seguridad alimentaria de Rep\u00fablica Dominicana.<\/p>\n<p>Explic\u00f3 que el Gobierno, a trav\u00e9s del Ministerio de Agricultura, desarrolla programas de mecanizaci\u00f3n destinados a incrementar el rendimiento de las actividades agr\u00edcolas, reducir los costos de producci\u00f3n y disminuir la dependencia de mano de obra extranjera.<\/p>\n<p>El jefe de Estado tambi\u00e9n identific\u00f3 como \u00e1reas prioritarias la capacitaci\u00f3n t\u00e9cnica, la investigaci\u00f3n, el acceso al agua y una mayor integraci\u00f3n entre el Gobierno, las universidades y el sector productivo.<\/p>\n<p>Asimismo, advirti\u00f3 sobre los efectos de la sequ\u00eda y la variabilidad clim\u00e1tica, por lo que consider\u00f3 necesario fortalecer la capacidad de respuesta del pa\u00eds ante fen\u00f3menos que puedan afectar la producci\u00f3n de alimentos.<\/p>\n<p>Record\u00f3 que durante la pandemia de COVID-19 la producci\u00f3n agropecuaria nacional desempe\u00f1\u00f3 un papel fundamental para garantizar el abastecimiento interno, lo que, a su juicio, demuestra la importancia estrat\u00e9gica de mantener un campo productivo y preparado para enfrentar situaciones de crisis.<\/p>\n<p>De su lado, el ministro de Agricultura, <strong>Francisco Oliverio Espaillat<\/strong>, identific\u00f3 el relevo generacional como uno de los principales desaf\u00edos que enfrenta el sector agropecuario dominicano.<\/p>\n<p>Espaillat plante\u00f3 la necesidad de atraer a las nuevas generaciones hacia las actividades agr\u00edcolas mediante una agricultura sustentada en la tecnolog\u00eda, la innovaci\u00f3n y el conocimiento.<\/p>\n<p>Inform\u00f3 que <strong>315 t\u00e9cnicos y profesionales<\/strong> han sido incorporados a cinco programas de formaci\u00f3n especializada, mientras el Programa Nacional de Mecanizaci\u00f3n procura reducir los costos, aumentar la productividad y mejorar la rentabilidad de los productores.<\/p>\n<p>Mientras, el ministro de Industria, Comercio y Mipymes, <strong>Eduardo Sanz Lovat\u00f3n<\/strong>, resalt\u00f3 los avances registrados en la modernizaci\u00f3n de la agroindustria y el acceso al financiamiento.<\/p>\n<p>Sanz Lovat\u00f3n afirm\u00f3 que las exportaciones agroindustriales dominicanas superan los <strong>US$10,000 millones<\/strong>, al tiempo que destac\u00f3 las mejoras implementadas en materia log\u00edstica, que han permitido reducir a menos de 24 horas el tiempo de permanencia de los contenedores en los puertos.<\/p>\n<p>El encuentro de la JAD reuni\u00f3 a <strong>m\u00e1s de 700 productores<\/strong>, quienes analizaron los principales retos de la agropecuaria y presentaron recomendaciones orientadas a fortalecer las pol\u00edticas p\u00fablicas y crear mejores condiciones para el desarrollo de la producci\u00f3n nacional.<\/p>\n<p>Las autoridades y representantes del sector coincidieron en que la incorporaci\u00f3n de tecnolog\u00eda, la capacitaci\u00f3n de los productores, la disponibilidad de agua y el financiamiento ser\u00e1n determinantes para garantizar la sostenibilidad y competitividad del campo dominicano en los pr\u00f3ximos a\u00f1os.<\/p>\n<p>&nbsp;<\/p>\n","protected":false},"excerpt":{"rendered":"<p>Punta Cana, Rep\u00fablica Dominicana.\u2013 El presidente Luis Abinader reafirm\u00f3 el compromiso del Gobierno con la&#8230;<\/p>\n","protected":false},"author":3,"featured_media":7662,"comment_status":"open","ping_status":"open","sticky":false,"template":"","format":"standard","meta":{"footnotes":""},"categories":[2,5],"tags":[],"class_list":["post-7661","post","type-post","status-publish","format-standard","has-post-thumbnail","hentry","category-nacionales","category-portada"],"_links":{"self":[{"href":"https:\/\/elviajero.com.do\/index.php\/wp-json\/wp\/v2\/posts\/7661","targetHints":{"allow":["GET"]}}],"collection":[{"href":"https:\/\/elviajero.com.do\/index.php\/wp-json\/wp\/v2\/posts"}],"about":[{"href":"https:\/\/elviajero.com.do\/index.php\/wp-json\/wp\/v2\/types\/post"}],"author":[{"embeddable":true,"href":"https:\/\/elviajero.com.do\/index.php\/wp-json\/wp\/v2\/users\/3"}],"replies":[{"embeddable":true,"href":"https:\/\/elviajero.com.do\/index.php\/wp-json\/wp\/v2\/comments?post=7661"}],"version-history":[{"count":1,"href":"https:\/\/elviajero.com.do\/index.php\/wp-json\/wp\/v2\/posts\/7661\/revisions"}],"predecessor-version":[{"id":7663,"href":"https:\/\/elviajero.com.do\/index.php\/wp-json\/wp\/v2\/posts\/7661\/revisions\/7663"}],"wp:featuredmedia":[{"embeddable":true,"href":"https:\/\/elviajero.com.do\/index.php\/wp-json\/wp\/v2\/media\/7662"}],"wp:attachment":[{"href":"https:\/\/elviajero.com.do\/index.php\/wp-json\/wp\/v2\/media?parent=7661"}],"wp:term":[{"taxonomy":"category","embeddable":true,"href":"https:\/\/elviajero.com.do\/index.php\/wp-json\/wp\/v2\/categories?post=7661"},{"taxonomy":"post_tag","embeddable":true,"href":"https:\/\/elviajero.com.do\/index.php\/wp-json\/wp\/v2\/tags?post=7661"}],"curies":[{"name":"wp","href":"https:\/\/api.w.org\/{rel}","templated":true}]}}