{"id":7666,"date":"2026-09-05T15:45:31","date_gmt":"2026-09-05T19:45:31","guid":{"rendered":"https:\/\/elviajero.com.do\/?p=7666"},"modified":"2026-09-05T15:54:43","modified_gmt":"2026-09-05T19:54:43","slug":"avioneta-se-estrella-en-hatillo-palma-tras-supuesto-choque-con-un-dron","status":"publish","type":"post","link":"https:\/\/elviajero.com.do\/index.php\/2026\/09\/05\/avioneta-se-estrella-en-hatillo-palma-tras-supuesto-choque-con-un-dron\/","title":{"rendered":"Avioneta se estrella en Hatillo Palma tras supuesto choque con un dron"},"content":{"rendered":"<p><strong>\u00a0Rafael Castro 5 de septiembre 2026<\/strong><\/p>\n<p><strong>Hatillo Palma, Monte Cristi, RD.<\/strong> \u2014<\/p>\n<p>Momentos de tensi\u00f3n se vivieron este s\u00e1bado en una finca del distrito municipal de Hatillo Palma, provincia Monte Cristi, luego de que una avioneta de matr\u00edcula <strong>HI-1131<\/strong>, perteneciente a la empresa FUMCA, se precipitara a tierra tras un presunto impacto con un dron mientras realizaba labores agr\u00edcolas en la zona.<\/p>\n<p>El accidente fue confirmado por el presidente de la <strong>Comisi\u00f3n Investigadora de Accidentes de Aviaci\u00f3n (CIAA)<\/strong>, general retirado <strong>Pedro Alberto Pi\u00f1a de los Santos<\/strong>, quien inform\u00f3 que, tan pronto recibi\u00f3 la notificaci\u00f3n del hecho, dispuso el traslado de un equipo t\u00e9cnico de ese organismo al lugar para iniciar el levantamiento correspondiente.<\/p>\n<p>De acuerdo con los informes preliminares obtenidos en el lugar, la aeronave se encontraba realizando trabajos agr\u00edcolas cuando, aparentemente, habr\u00eda impactado con un dron que se encontraba en el \u00e1rea de vuelo. Tras el supuesto choque, el piloto habr\u00eda perdido el control de la avioneta, provocando que esta terminara estrell\u00e1ndose dentro de una propiedad privada.<\/p>\n<p>El piloto fue identificado como <strong>\u00c1ngel Gabriel<\/strong>, quien result\u00f3 con una fractura en uno de sus tobillos y golpes leves en la cabeza. Tras ser auxiliado, fue sacado de la aeronave y trasladado a un centro de salud de la zona, donde recibe atenciones m\u00e9dicas y se encuentra en proceso de recuperaci\u00f3n.<\/p>\n<p>Luego del accidente, residentes del lugar, curiosos, voluntarios y miembros de la <strong>Defensa Civil<\/strong> acudieron al sitio para prestar asistencia y colaborar con las labores de rescate del piloto.<\/p>\n<p>La presencia de numerosas personas en los alrededores de la finca gener\u00f3 movimiento en la zona, mientras los organismos de socorro y las autoridades procuraban asegurar el \u00e1rea y facilitar el trabajo de los investigadores de la CIAA.<\/p>\n<p>El equipo t\u00e9cnico de la Comisi\u00f3n Investigadora de Accidentes de Aviaci\u00f3n comenz\u00f3 a recopilar evidencias y a realizar el levantamiento de informaci\u00f3n para determinar con precisi\u00f3n qu\u00e9 ocurri\u00f3 durante el vuelo y establecer las causas que provocaron la ca\u00edda de la aeronave.<\/p>\n<p>Uno de los principales aspectos que deber\u00e1 ser esclarecido por los investigadores es si efectivamente se produjo un impacto entre la avioneta y el dron y, de ser as\u00ed, cu\u00e1les fueron las circunstancias en que ocurri\u00f3 el supuesto choque y en qu\u00e9 medida pudo haber afectado el control de la aeronave.<\/p>\n<p>Pi\u00f1a de los Santos explic\u00f3 que la investigaci\u00f3n se encuentra en su fase inicial y que ser\u00e1 necesario esperar los resultados del levantamiento t\u00e9cnico antes de establecer conclusiones definitivas sobre el accidente.<\/p>\n<p>\u201cYa una comisi\u00f3n de la CIAA viaj\u00f3 a Hatillo Palma, donde se cay\u00f3 la avioneta, y est\u00e1n realizando un levantamiento del caso y en las pr\u00f3ximas horas sabremos lo que sucedi\u00f3\u201d, asegur\u00f3 el presidente de la entidad investigadora.<\/p>\n<p>El funcionario se\u00f1al\u00f3 que, tan pronto los t\u00e9cnicos concluyan las primeras evaluaciones y se disponga de informaci\u00f3n confirmada, la CIAA ofrecer\u00e1 mayores detalles a la opini\u00f3n p\u00fablica nacional sobre las circunstancias en que ocurri\u00f3 el accidente.<\/p>\n<p>La investigaci\u00f3n deber\u00e1 determinar, adem\u00e1s, las condiciones en que se desarrollaba la operaci\u00f3n agr\u00edcola, la trayectoria que llevaba la avioneta, la posible presencia del dron en el espacio a\u00e9reo y cualquier otro factor que pudiera haber incidido en la p\u00e9rdida de control de la aeronave.<\/p>\n<p>Por el momento, el piloto permanece bajo atenci\u00f3n m\u00e9dica, mientras las autoridades aeron\u00e1uticas contin\u00faan trabajando en el lugar para establecer las causas reales del accidente y documentar cada elemento relacionado con la ca\u00edda de la avioneta HI-1131.<\/p>\n<p>&nbsp;<\/p>\n","protected":false},"excerpt":{"rendered":"<p>\u00a0Rafael Castro 5 de septiembre 2026 Hatillo Palma, Monte Cristi, RD. \u2014 Momentos de tensi\u00f3n&#8230;<\/p>\n","protected":false},"author":3,"featured_media":7672,"comment_status":"open","ping_status":"open","sticky":false,"template":"","format":"standard","meta":{"footnotes":""},"categories":[2,5],"tags":[],"class_list":["post-7666","post","type-post","status-publish","format-standard","has-post-thumbnail","hentry","category-nacionales","category-portada"],"_links":{"self":[{"href":"https:\/\/elviajero.com.do\/index.php\/wp-json\/wp\/v2\/posts\/7666","targetHints":{"allow":["GET"]}}],"collection":[{"href":"https:\/\/elviajero.com.do\/index.php\/wp-json\/wp\/v2\/posts"}],"about":[{"href":"https:\/\/elviajero.com.do\/index.php\/wp-json\/wp\/v2\/types\/post"}],"author":[{"embeddable":true,"href":"https:\/\/elviajero.com.do\/index.php\/wp-json\/wp\/v2\/users\/3"}],"replies":[{"embeddable":true,"href":"https:\/\/elviajero.com.do\/index.php\/wp-json\/wp\/v2\/comments?post=7666"}],"version-history":[{"count":1,"href":"https:\/\/elviajero.com.do\/index.php\/wp-json\/wp\/v2\/posts\/7666\/revisions"}],"predecessor-version":[{"id":7668,"href":"https:\/\/elviajero.com.do\/index.php\/wp-json\/wp\/v2\/posts\/7666\/revisions\/7668"}],"wp:featuredmedia":[{"embeddable":true,"href":"https:\/\/elviajero.com.do\/index.php\/wp-json\/wp\/v2\/media\/7672"}],"wp:attachment":[{"href":"https:\/\/elviajero.com.do\/index.php\/wp-json\/wp\/v2\/media?parent=7666"}],"wp:term":[{"taxonomy":"category","embeddable":true,"href":"https:\/\/elviajero.com.do\/index.php\/wp-json\/wp\/v2\/categories?post=7666"},{"taxonomy":"post_tag","embeddable":true,"href":"https:\/\/elviajero.com.do\/index.php\/wp-json\/wp\/v2\/tags?post=7666"}],"curies":[{"name":"wp","href":"https:\/\/api.w.org\/{rel}","templated":true}]}}