{"id":7673,"date":"2026-09-05T16:33:39","date_gmt":"2026-09-05T20:33:39","guid":{"rendered":"https:\/\/elviajero.com.do\/?p=7673"},"modified":"2026-09-05T16:33:39","modified_gmt":"2026-09-05T20:33:39","slug":"137-dominicanos-regresan-de-ee-uu-por-retorno-voluntario","status":"publish","type":"post","link":"https:\/\/elviajero.com.do\/index.php\/2026\/09\/05\/137-dominicanos-regresan-de-ee-uu-por-retorno-voluntario\/","title":{"rendered":"137 dominicanos regresan de EE.UU. por retorno voluntario"},"content":{"rendered":"<div class=\"I_ZiTj5d C_1GbO8e W_6D6F D_F ek_BB z_n m_22RyjK em_N O_0 ah_16P6j9 ai_Zc7bQR\" role=\"region\" data-test-id=\"message-view-body\" aria-labelledby=\"message-view-body-landmark\">\n<div class=\"no-tailwind msg-body mq_AS iy_A s_0\" data-test-id=\"message-view-body-content\">\n<div class=\"je_2kCCw7 jb_dm5 X_7sfl N_7sfl\">\n<div class=\"\">\n<div>\n<div id=\"yiv5146273125\">\n<div>\n<div class=\"yiv5146273125yahoo-style-wrap\">\n<div dir=\"ltr\">\n<div>\n<p class=\"yiv5146273125ydpf73ff777MsoNormal\">\n<p class=\"yiv5146273125ydpf73ff777MsoNormal\"><b><span lang=\"ES-DO\">\u00a0 Rafael Castro 5 de septiembre 2026<\/span><\/b><\/p>\n<p class=\"yiv5146273125ydpf73ff777MsoNormal\"><b><span lang=\"ES-DO\">\u00a0\u00a0 Santo Domingo-RD<\/span><\/b><\/p>\n<p class=\"yiv5146273125ydpf73ff777MsoNormal\"><span lang=\"ES-DO\">Un total de <b>137 dominicanos que hab\u00edan ingresado a Estados Unidos a trav\u00e9s de la frontera con M\u00e9xico<\/b> regresaron al pa\u00eds durante los primeros ocho meses de 2026, acogidos al programa de <b>Retorno Voluntario<\/b> impulsado por la administraci\u00f3n del presidente Donald Trump para facilitar la salida de extranjeros que permanec\u00edan de manera irregular en territorio estadounidense.<\/span><\/p>\n<p class=\"yiv5146273125ydpf73ff777MsoNormal\"><span lang=\"ES-DO\">De acuerdo con las estad\u00edsticas suministradas por la <b>Direcci\u00f3n General de Migraci\u00f3n (DGM)<\/b>, entre enero y agosto de este a\u00f1o los 137 nacionales retornaron a Rep\u00fablica Dominicana en vuelos comerciales regulares procedentes de diferentes ciudades de Estados Unidos, utilizando <b>cartas de ruta expedidas por los consulados dominicanos<\/b>.<\/span><\/p>\n<p class=\"yiv5146273125ydpf73ff777MsoNormal\"><span lang=\"ES-DO\">Los dominicanos decidieron acogerse al retorno voluntario luego de enfrentar dificultades para establecerse en Estados Unidos, principalmente por la falta de oportunidades laborales y las condiciones econ\u00f3micas adversas que encontraron tras su ingreso irregular al territorio estadounidense. <\/span><\/p>\n<p class=\"yiv5146273125ydpf73ff777MsoNormal\"><span lang=\"ES-DO\">\u00a0Otros indocumentados que no se han acogido al programa han optado por solicitar asilo ante las autoridades de inmigraci\u00f3n para acudir a la corte a la espera que su destino lo defina un juez, si le concede el asilo o firma su deportaci\u00f3n hacia la Rep\u00fablica Dominicana.<\/span><\/p>\n<p class=\"yiv5146273125ydpf73ff777MsoNormal\"><span lang=\"ES-DO\">A su llegada al <b>Aeropuerto Internacional de Las Am\u00e9ricas, Jos\u00e9 Francisco Pe\u00f1a G\u00f3mez (AILA)<\/b>, los nacionales fueron conducidos ante las autoridades de Migraci\u00f3n que prestan servicio en la terminal aeroportuaria, donde fueron entrevistados y sometidos a las verificaciones correspondientes.<\/span><\/p>\n<p class=\"yiv5146273125ydpf73ff777MsoNormal\"><span lang=\"ES-DO\">Tras comprobarse que su regreso al pa\u00eds se produjo de manera voluntaria y que contaban con la documentaci\u00f3n consular correspondiente, los dominicanos fueron dejados en libertad para dirigirse a sus respectivos lugares de residencia.<\/span><\/p>\n<p class=\"yiv5146273125ydpf73ff777MsoNormal\"><b><span lang=\"ES-DO\">M\u00e1s de 1,500 repatriados<\/span><\/b><\/p>\n<p class=\"yiv5146273125ydpf73ff777MsoNormal\"><span lang=\"ES-DO\">Mientras 137 dominicanos regresaron voluntariamente, las autoridades migratorias estadounidenses <b>apresaron y repatriaron a otros 1,512 nacionales<\/b> que hab\u00edan penetrado a Estados Unidos por distintos puntos de la frontera con M\u00e9xico y fueron detenidos por violar las leyes migratorias de ese pa\u00eds.<\/span><\/p>\n<p class=\"yiv5146273125ydpf73ff777MsoNormal\"><span lang=\"ES-DO\">Estos repatriados fueron enviados a Rep\u00fablica Dominicana mediante vuelos coordinados por las autoridades estadounidenses, en un proceso diferente al de quienes decidieron acogerse voluntariamente al programa de retorno.<\/span><\/p>\n<p class=\"yiv5146273125ydpf73ff777MsoNormal\"><span lang=\"ES-DO\">Las cifras reflejan as\u00ed dos modalidades distintas de regreso de dominicanos que intentaron llegar a Estados Unidos por la frontera mexicana: quienes optaron por abandonar voluntariamente ese territorio y aquellos que fueron detenidos por las autoridades migratorias y posteriormente deportados.<\/span><\/p>\n<p class=\"yiv5146273125ydpf73ff777MsoNormal\"><span lang=\"ES-DO\">El fen\u00f3meno migratorio cobr\u00f3 especial fuerza durante <b>2023 y 2024<\/b>, durante la administraci\u00f3n del presidente dem\u00f3crata Joe Biden, cuando se registr\u00f3 un importante flujo de migrantes de diferentes nacionalidades hacia Estados Unidos a trav\u00e9s de la frontera con M\u00e9xico.<\/span><\/p>\n<p class=\"yiv5146273125ydpf73ff777MsoNormal\"><span lang=\"ES-DO\">Para numerosos dominicanos, esa ruta se convirti\u00f3 en una alternativa para intentar ingresar a territorio estadounidense en busca de mejores oportunidades econ\u00f3micas. Sin embargo, las dificultades para conseguir empleo, la incertidumbre sobre su permanencia y el endurecimiento de los controles migratorios han provocado que algunos opten por regresar a Rep\u00fablica Dominicana.<\/span><\/p>\n<p class=\"yiv5146273125ydpf73ff777MsoNormal\"><span lang=\"ES-DO\">De esta manera, los <b>137 retornos voluntarios registrados hasta agosto de 2026<\/b>, frente a los <b>1,512 dominicanos repatriados<\/b>, evidencian la magnitud que contin\u00faa teniendo el fen\u00f3meno de los nacionales que intentaron ingresar irregularmente a Estados Unidos por la frontera mexicana.<\/span><\/p>\n<\/div>\n<\/div>\n<\/div>\n<\/div>\n<\/div>\n<\/div>\n<\/div>\n<\/div>\n<\/div>\n<\/div>\n<div class=\"uds-scope \">\n<div class=\"D_F eo_HB U_0 ab_C gl_C crqN_6Fd5 H_3n93F\" data-test-id=\"reply-toolbar\"><\/div>\n<\/div>\n","protected":false},"excerpt":{"rendered":"<p>\u00a0 Rafael Castro 5 de septiembre 2026 \u00a0\u00a0 Santo Domingo-RD Un total de 137 dominicanos&#8230;<\/p>\n","protected":false},"author":3,"featured_media":7674,"comment_status":"open","ping_status":"open","sticky":false,"template":"","format":"standard","meta":{"footnotes":""},"categories":[2,5],"tags":[],"class_list":["post-7673","post","type-post","status-publish","format-standard","has-post-thumbnail","hentry","category-nacionales","category-portada"],"_links":{"self":[{"href":"https:\/\/elviajero.com.do\/index.php\/wp-json\/wp\/v2\/posts\/7673","targetHints":{"allow":["GET"]}}],"collection":[{"href":"https:\/\/elviajero.com.do\/index.php\/wp-json\/wp\/v2\/posts"}],"about":[{"href":"https:\/\/elviajero.com.do\/index.php\/wp-json\/wp\/v2\/types\/post"}],"author":[{"embeddable":true,"href":"https:\/\/elviajero.com.do\/index.php\/wp-json\/wp\/v2\/users\/3"}],"replies":[{"embeddable":true,"href":"https:\/\/elviajero.com.do\/index.php\/wp-json\/wp\/v2\/comments?post=7673"}],"version-history":[{"count":1,"href":"https:\/\/elviajero.com.do\/index.php\/wp-json\/wp\/v2\/posts\/7673\/revisions"}],"predecessor-version":[{"id":7675,"href":"https:\/\/elviajero.com.do\/index.php\/wp-json\/wp\/v2\/posts\/7673\/revisions\/7675"}],"wp:featuredmedia":[{"embeddable":true,"href":"https:\/\/elviajero.com.do\/index.php\/wp-json\/wp\/v2\/media\/7674"}],"wp:attachment":[{"href":"https:\/\/elviajero.com.do\/index.php\/wp-json\/wp\/v2\/media?parent=7673"}],"wp:term":[{"taxonomy":"category","embeddable":true,"href":"https:\/\/elviajero.com.do\/index.php\/wp-json\/wp\/v2\/categories?post=7673"},{"taxonomy":"post_tag","embeddable":true,"href":"https:\/\/elviajero.com.do\/index.php\/wp-json\/wp\/v2\/tags?post=7673"}],"curies":[{"name":"wp","href":"https:\/\/api.w.org\/{rel}","templated":true}]}}