{"id":784,"date":"2025-09-11T20:38:31","date_gmt":"2025-09-12T00:38:31","guid":{"rendered":"https:\/\/elviajero.com.do\/?p=784"},"modified":"2025-09-11T20:38:31","modified_gmt":"2025-09-12T00:38:31","slug":"netanyahu-acusa-a-espana-de-lanzar-amenaza-genocida","status":"publish","type":"post","link":"https:\/\/elviajero.com.do\/index.php\/2025\/09\/11\/netanyahu-acusa-a-espana-de-lanzar-amenaza-genocida\/","title":{"rendered":"Netanyahu acusa a Espa\u00f1a de lanzar \u201camenaza genocida\u201d"},"content":{"rendered":"<p>E<a href=\"https:\/\/eldiariony.com\/tema\/benjamin-netanyahu\/\">l primer ministro israel\u00ed, <strong>Benjam\u00edn Netanyahu<\/strong><\/a><strong>, acus\u00f3 este jueves al presidente del Gobierno espa\u00f1ol, Pedro S\u00e1nchez,<\/strong> de lanzar una <strong>\u201cflagrante amenaza genocida\u201d contra Israel<\/strong> por alegar que Espa\u00f1a no puede frenar la ofensiva sobre Gaza porque \u201c\u201cEl primer ministro dijo que <strong>Espa\u00f1a no puede detener la batalla de Israel <\/strong>contra los terroristas de Ham\u00e1s porque <strong>\u2018Espa\u00f1a no tiene armas nucleares\u2019.<\/strong> Esa es una flagrante amenaza genocida contra el \u00fanico Estado jud\u00edo del mundo\u201d, afirm\u00f3 Netanyahu en el perfil de la oficina del primer ministro en X.<\/p>\n<p>\u201cAl parecer, la Inquisici\u00f3n espa\u00f1ola, la expulsi\u00f3n de los jud\u00edos de Espa\u00f1a y el asesinato sistem\u00e1tico de jud\u00edos en masa durante el Holocausto no le bastan a S\u00e1nchez. Incre\u00edble\u201d, a\u00f1adi\u00f3 el mandatario israel\u00ed.<\/p>\n<p><strong>Medidas contra Israel<\/strong><\/p>\n<p>Las declaraciones de Netanyahu llegan despu\u00e9s de que S\u00e1nchez anunciara el lunes en la Moncloa <a href=\"https:\/\/eldiariony.com\/2025\/09\/08\/espana-anuncia-medidas-contra-israel-para-detener-el-genocidio-en-gaza\/\">un paquete de <strong>nueve medidas contra Israel por lo que calific\u00f3 de \u201cgenocidio\u201d en Gaza<\/strong>. <\/a><\/p>\n<p>Entre ellas figuran,<strong> la consolidaci\u00f3n jur\u00eddica del embargo de armas, la prohibici\u00f3n de entrada en Espa\u00f1a de personas implicadas en esas acciones y un aumento de la ayuda humanitaria.<\/strong><\/p>\n<p>En su comparecencia del lunes en el Palacio de la Moncloa para anunciar esas medidas, el presidente del Gobierno espa\u00f1ol recalc\u00f3: <strong>\u201cEspa\u00f1a, como saben, no tiene bombas nucleares, tampoco tiene portaaviones ni grandes reservas de petr\u00f3leo. <\/strong>Nosotros solos no podemos detener la ofensiva israel\u00ed\u201d.<\/p>\n<p>\u201cPero eso no significa que no vayamos a dejar de intentarlo. Porque hay causas por las que merece la pena luchar, aunque no est\u00e9 en nuestras \u00fanicas manos ganarlas\u201d, a\u00f1adi\u00f3 S\u00e1nchez.<\/p>\n<p>El presiente espa\u00f1ol subray\u00f3 que<strong> Espa\u00f1a \u201capoyar\u00e1 siempre el derecho de Israel a existir, a garantizar su seguridad y a prosperar\u201d<\/strong>, pero, \u201ccon la misma convicci\u00f3n\u201d, distingue entre \u201cproteger a tu pa\u00eds, proteger a tu sociedad\u201d y \u201cbombardear hospitales y<strong> matar de hambre a ni\u00f1os y ni\u00f1as inocentes\u201d.<\/strong><\/p>\n","protected":false},"excerpt":{"rendered":"<p>El primer ministro israel\u00ed, Benjam\u00edn Netanyahu, acus\u00f3 este jueves al presidente del Gobierno espa\u00f1ol, Pedro&#8230;<\/p>\n","protected":false},"author":3,"featured_media":785,"comment_status":"open","ping_status":"open","sticky":false,"template":"","format":"standard","meta":{"footnotes":""},"categories":[4],"tags":[],"class_list":["post-784","post","type-post","status-publish","format-standard","has-post-thumbnail","hentry","category-internacionales"],"_links":{"self":[{"href":"https:\/\/elviajero.com.do\/index.php\/wp-json\/wp\/v2\/posts\/784","targetHints":{"allow":["GET"]}}],"collection":[{"href":"https:\/\/elviajero.com.do\/index.php\/wp-json\/wp\/v2\/posts"}],"about":[{"href":"https:\/\/elviajero.com.do\/index.php\/wp-json\/wp\/v2\/types\/post"}],"author":[{"embeddable":true,"href":"https:\/\/elviajero.com.do\/index.php\/wp-json\/wp\/v2\/users\/3"}],"replies":[{"embeddable":true,"href":"https:\/\/elviajero.com.do\/index.php\/wp-json\/wp\/v2\/comments?post=784"}],"version-history":[{"count":1,"href":"https:\/\/elviajero.com.do\/index.php\/wp-json\/wp\/v2\/posts\/784\/revisions"}],"predecessor-version":[{"id":786,"href":"https:\/\/elviajero.com.do\/index.php\/wp-json\/wp\/v2\/posts\/784\/revisions\/786"}],"wp:featuredmedia":[{"embeddable":true,"href":"https:\/\/elviajero.com.do\/index.php\/wp-json\/wp\/v2\/media\/785"}],"wp:attachment":[{"href":"https:\/\/elviajero.com.do\/index.php\/wp-json\/wp\/v2\/media?parent=784"}],"wp:term":[{"taxonomy":"category","embeddable":true,"href":"https:\/\/elviajero.com.do\/index.php\/wp-json\/wp\/v2\/categories?post=784"},{"taxonomy":"post_tag","embeddable":true,"href":"https:\/\/elviajero.com.do\/index.php\/wp-json\/wp\/v2\/tags?post=784"}],"curies":[{"name":"wp","href":"https:\/\/api.w.org\/{rel}","templated":true}]}}