{"id":793,"date":"2025-09-11T21:03:32","date_gmt":"2025-09-12T01:03:32","guid":{"rendered":"https:\/\/elviajero.com.do\/?p=793"},"modified":"2025-09-11T21:05:03","modified_gmt":"2025-09-12T01:05:03","slug":"rd-condena-ataque-de-israel-contra-hamas-en-catar-y-llama-a-respetar-el-derecho-internacional","status":"publish","type":"post","link":"https:\/\/elviajero.com.do\/index.php\/2025\/09\/11\/rd-condena-ataque-de-israel-contra-hamas-en-catar-y-llama-a-respetar-el-derecho-internacional\/","title":{"rendered":"RD condena ataque de Israel contra Ham\u00e1s en Catar"},"content":{"rendered":"<p data-start=\"101\" data-end=\"360\">Santo Domingo-RD<\/p>\n<p>\u00a0El Gobierno de la Rep\u00fablica Dominicana expres\u00f3 este jueves su en\u00e9rgico repudio al ataque llevado a cabo por fuerzas israel\u00edes en Doha, Catar, al calificar el hecho como una violaci\u00f3n de la soberan\u00eda de ese Estado y del derecho internacional.<\/p>\n<p data-start=\"362\" data-end=\"575\">A trav\u00e9s de un comunicado oficial, las autoridades dominicanas se\u00f1alaron que la acci\u00f3n militar constituye una peligrosa escalada en el conflicto de Medio Oriente y un atentado contra la estabilidad de la regi\u00f3n.<\/p>\n<p data-start=\"577\" data-end=\"879\">\u201cEl respeto a la soberan\u00eda de los Estados es un principio fundamental de la convivencia pac\u00edfica entre las naciones. La Rep\u00fablica Dominicana reafirma su compromiso con la soluci\u00f3n pac\u00edfica de los conflictos y con el respeto irrestricto del derecho internacional\u201d, indic\u00f3 la declaraci\u00f3n gubernamental.<\/p>\n<p data-start=\"881\" data-end=\"1076\">Asimismo, el Gobierno dominicano hizo un llamado a las partes involucradas a deponer las hostilidades y retomar el camino del di\u00e1logo como \u00fanica v\u00eda para alcanzar una paz duradera en la regi\u00f3n.<\/p>\n<p data-start=\"1078\" data-end=\"1330\">Hasta el momento, las autoridades catar\u00edes no han emitido un pronunciamiento oficial sobre el hecho, mientras que organismos internacionales han advertido sobre el riesgo de que este tipo de acciones provoque una mayor inestabilidad en Medio Oriente.<\/p>\n<p>&nbsp;<\/p>\n","protected":false},"excerpt":{"rendered":"<p>Santo Domingo-RD \u00a0El Gobierno de la Rep\u00fablica Dominicana expres\u00f3 este jueves su en\u00e9rgico repudio al&#8230;<\/p>\n","protected":false},"author":3,"featured_media":794,"comment_status":"open","ping_status":"open","sticky":false,"template":"","format":"standard","meta":{"footnotes":""},"categories":[2],"tags":[],"class_list":["post-793","post","type-post","status-publish","format-standard","has-post-thumbnail","hentry","category-nacionales"],"_links":{"self":[{"href":"https:\/\/elviajero.com.do\/index.php\/wp-json\/wp\/v2\/posts\/793","targetHints":{"allow":["GET"]}}],"collection":[{"href":"https:\/\/elviajero.com.do\/index.php\/wp-json\/wp\/v2\/posts"}],"about":[{"href":"https:\/\/elviajero.com.do\/index.php\/wp-json\/wp\/v2\/types\/post"}],"author":[{"embeddable":true,"href":"https:\/\/elviajero.com.do\/index.php\/wp-json\/wp\/v2\/users\/3"}],"replies":[{"embeddable":true,"href":"https:\/\/elviajero.com.do\/index.php\/wp-json\/wp\/v2\/comments?post=793"}],"version-history":[{"count":2,"href":"https:\/\/elviajero.com.do\/index.php\/wp-json\/wp\/v2\/posts\/793\/revisions"}],"predecessor-version":[{"id":796,"href":"https:\/\/elviajero.com.do\/index.php\/wp-json\/wp\/v2\/posts\/793\/revisions\/796"}],"wp:featuredmedia":[{"embeddable":true,"href":"https:\/\/elviajero.com.do\/index.php\/wp-json\/wp\/v2\/media\/794"}],"wp:attachment":[{"href":"https:\/\/elviajero.com.do\/index.php\/wp-json\/wp\/v2\/media?parent=793"}],"wp:term":[{"taxonomy":"category","embeddable":true,"href":"https:\/\/elviajero.com.do\/index.php\/wp-json\/wp\/v2\/categories?post=793"},{"taxonomy":"post_tag","embeddable":true,"href":"https:\/\/elviajero.com.do\/index.php\/wp-json\/wp\/v2\/tags?post=793"}],"curies":[{"name":"wp","href":"https:\/\/api.w.org\/{rel}","templated":true}]}}