{"id":825,"date":"2025-09-14T16:21:47","date_gmt":"2025-09-14T20:21:47","guid":{"rendered":"https:\/\/elviajero.com.do\/?p=825"},"modified":"2025-09-14T16:22:06","modified_gmt":"2025-09-14T20:22:06","slug":"fard-impone-insignias-media-ala-a-estudiantes-de-aviacion-y-celebra-primer-vuelo-en-solitario","status":"publish","type":"post","link":"https:\/\/elviajero.com.do\/index.php\/2025\/09\/14\/fard-impone-insignias-media-ala-a-estudiantes-de-aviacion-y-celebra-primer-vuelo-en-solitario\/","title":{"rendered":"FARD impone insignias \u201cMedia Ala\u201d a estudiantes de aviaci\u00f3n y celebra primer vuelo en solitario"},"content":{"rendered":"<p data-start=\"113\" data-end=\"540\"><strong data-start=\"113\" data-end=\"135\">Santo Domingo, RD.<\/strong><\/p>\n<p>\u00a0En un emotivo y solemne acto, el Mayor General Piloto Floreal Su\u00e1rez Mart\u00ednez, comandante General de la Fuerza A\u00e9rea de Rep\u00fablica Dominicana (FARD), encabez\u00f3 la ceremonia de imposici\u00f3n de las insignias \u201cMedia Ala de Piloto Aviador\u201d a 18 j\u00f3venes oficiales y estudiantes de aviaci\u00f3n que alcanzaron un importante hito en su carrera: la realizaci\u00f3n de su primer vuelo en solitario, conocido como \u201csoleo\u201d.<\/p>\n<p data-start=\"542\" data-end=\"1251\">El Comandante General, Mayor General de la FARD, Floreal Su\u00e1rez Mart\u00ednez destac\u00f3 el esfuerzo de las diferentes direcciones de educaci\u00f3n y entrenamiento de la FARD, que trabajan para garantizar que cada oficial reciba una formaci\u00f3n integral, tanto en lo t\u00e9cnico como en lo \u00e9tico, preparando a los futuros oficiales para operar aeronaves con altos est\u00e1ndares de seguridad y profesionalismo.<\/p>\n<p data-start=\"2439\" data-end=\"2689\">El acto estuvo marcado por el orgullo institucional y el simbolismo de la insignia \u201cMedia Ala de Piloto Aviador\u201d, que acredita a los estudiantes haber completado satisfactoriamente la fase inicial de formaci\u00f3n y los habilita para continuar con las etapas m\u00e1s avanzadas del entrenamiento de vuelo.<\/p>\n<p>\u00a0La imposici\u00f3n de estas insignias representa no solo un logro personal para los cadetes, sino tambi\u00e9n un compromiso de servicio y defensa de la naci\u00f3n.<\/p>\n<p data-start=\"1704\" data-end=\"1862\">Durante su discurso, el Mayor General Su\u00e1rez Mart\u00ednez felicit\u00f3 a los estudiantes y resalt\u00f3 la importancia del compromiso que asumen al portar el distintivo.<\/p>\n<p data-start=\"1865\" data-end=\"2088\"><img loading=\"lazy\" decoding=\"async\" class=\"alignnone size-medium wp-image-827\" src=\"https:\/\/elviajero.com.do\/wp-content\/uploads\/2025\/09\/IMG-20250913-WA0053-300x200.jpg\" alt=\"\" width=\"300\" height=\"200\" srcset=\"https:\/\/elviajero.com.do\/wp-content\/uploads\/2025\/09\/IMG-20250913-WA0053-300x200.jpg 300w, https:\/\/elviajero.com.do\/wp-content\/uploads\/2025\/09\/IMG-20250913-WA0053-1024x683.jpg 1024w, https:\/\/elviajero.com.do\/wp-content\/uploads\/2025\/09\/IMG-20250913-WA0053-768x512.jpg 768w, https:\/\/elviajero.com.do\/wp-content\/uploads\/2025\/09\/IMG-20250913-WA0053-1536x1024.jpg 1536w, https:\/\/elviajero.com.do\/wp-content\/uploads\/2025\/09\/IMG-20250913-WA0053-2048x1366.jpg 2048w\" sizes=\"auto, (max-width: 300px) 100vw, 300px\" \/><\/p>\n<p data-start=\"1865\" data-end=\"2088\">La actividad, realizada en la sede principal de la Base A\u00e9rea de San Isidro, cont\u00f3 con la presencia de altas autoridades militares de la instituci\u00f3n, entre ellos el general de brigada piloto Manuel Garc\u00eda Lithgow, Subcomandante General de la FARD; el general de brigada Euler Sierra P\u00e9rez, Inspector General<\/p>\n<p>Tambien \u00a0el general de brigada piloto H\u00e9ctor Mart\u00ednez P\u00e9rez, director de la Direcci\u00f3n de Educaci\u00f3n, Capacitaci\u00f3n y Entrenamiento (DECEFARD); y la teniente coronel piloto Mar\u00eda Tejada Quintana, directora de la Direcci\u00f3n de Formaci\u00f3n y Capacitaci\u00f3n Aeron\u00e1utica (DIFOCAA). Oficiales superiores, cadetes, clases y alistados tambi\u00e9n asistieron para acompa\u00f1ar a los nuevos pilotos en esta significativa ceremonia.<\/p>\n<p data-start=\"1253\" data-end=\"1702\">La imposici\u00f3n de estas insignias representa no solo un logro personal para los cadetes, sino tambi\u00e9n un compromiso de servicio y defensa de la naci\u00f3n.<\/p>\n<p data-start=\"1704\" data-end=\"1862\">\u201cLlevar en el pecho esta insignia los compromete a\u00fan m\u00e1s a continuar su capacitaci\u00f3n como pilotos aviadores, pero, sobre todo, como miembros de las Fuerzas Armadas, para garantizar la soberan\u00eda de nuestro cielo\u201d, expres\u00f3.<\/p>\n<p data-start=\"2090\" data-end=\"2437\">La ceremonia concluy\u00f3 con una demostraci\u00f3n a\u00e9rea y un recorrido por las instalaciones de entrenamiento, donde los familiares de los cadetes pudieron conocer m\u00e1s de cerca el proceso de formaci\u00f3n que siguen los futuros pilotos militares de la naci\u00f3n.<\/p>\n<p>&nbsp;<\/p>\n","protected":false},"excerpt":{"rendered":"<p>Santo Domingo, RD. \u00a0En un emotivo y solemne acto, el Mayor General Piloto Floreal Su\u00e1rez&#8230;<\/p>\n","protected":false},"author":3,"featured_media":826,"comment_status":"open","ping_status":"open","sticky":false,"template":"","format":"standard","meta":{"footnotes":""},"categories":[5],"tags":[],"class_list":["post-825","post","type-post","status-publish","format-standard","has-post-thumbnail","hentry","category-portada"],"_links":{"self":[{"href":"https:\/\/elviajero.com.do\/index.php\/wp-json\/wp\/v2\/posts\/825","targetHints":{"allow":["GET"]}}],"collection":[{"href":"https:\/\/elviajero.com.do\/index.php\/wp-json\/wp\/v2\/posts"}],"about":[{"href":"https:\/\/elviajero.com.do\/index.php\/wp-json\/wp\/v2\/types\/post"}],"author":[{"embeddable":true,"href":"https:\/\/elviajero.com.do\/index.php\/wp-json\/wp\/v2\/users\/3"}],"replies":[{"embeddable":true,"href":"https:\/\/elviajero.com.do\/index.php\/wp-json\/wp\/v2\/comments?post=825"}],"version-history":[{"count":1,"href":"https:\/\/elviajero.com.do\/index.php\/wp-json\/wp\/v2\/posts\/825\/revisions"}],"predecessor-version":[{"id":828,"href":"https:\/\/elviajero.com.do\/index.php\/wp-json\/wp\/v2\/posts\/825\/revisions\/828"}],"wp:featuredmedia":[{"embeddable":true,"href":"https:\/\/elviajero.com.do\/index.php\/wp-json\/wp\/v2\/media\/826"}],"wp:attachment":[{"href":"https:\/\/elviajero.com.do\/index.php\/wp-json\/wp\/v2\/media?parent=825"}],"wp:term":[{"taxonomy":"category","embeddable":true,"href":"https:\/\/elviajero.com.do\/index.php\/wp-json\/wp\/v2\/categories?post=825"},{"taxonomy":"post_tag","embeddable":true,"href":"https:\/\/elviajero.com.do\/index.php\/wp-json\/wp\/v2\/tags?post=825"}],"curies":[{"name":"wp","href":"https:\/\/api.w.org\/{rel}","templated":true}]}}