{"id":841,"date":"2025-09-15T13:50:04","date_gmt":"2025-09-15T17:50:04","guid":{"rendered":"https:\/\/elviajero.com.do\/?p=841"},"modified":"2025-09-15T13:50:18","modified_gmt":"2025-09-15T17:50:18","slug":"fuerza-del-pueblo-renueva-su-direccion-y-leonel-fernandez-asegura-que-van-rumbo-al-triunfo-de-2028","status":"publish","type":"post","link":"https:\/\/elviajero.com.do\/index.php\/2025\/09\/15\/fuerza-del-pueblo-renueva-su-direccion-y-leonel-fernandez-asegura-que-van-rumbo-al-triunfo-de-2028\/","title":{"rendered":"Fuerza del Pueblo renueva su direcci\u00f3n y Leonel Fern\u00e1ndez asegura que van rumbo al triunfo de 2028"},"content":{"rendered":"<p data-start=\"120\" data-end=\"460\">Santo Domingo.\u2013<\/p>\n<p>\u00a0Con un ambiente cargado de entusiasmo y expectativas, el partido Fuerza del Pueblo (FP) celebr\u00f3 este domingo su proceso electoral interno para la reestructuraci\u00f3n de su directiva, en un evento que cont\u00f3 con la participaci\u00f3n activa de su l\u00edder y presidente, el expresidente de la Rep\u00fablica, Leonel Fern\u00e1ndez.<\/p>\n<p data-start=\"462\" data-end=\"700\">Fern\u00e1ndez ejerci\u00f3 su derecho al voto pasada las 11:30 de la ma\u00f1ana en la sede central de la organizaci\u00f3n pol\u00edtica, donde afirm\u00f3 que la nueva direcci\u00f3n de la FP marcar\u00e1 el inicio del camino hacia la victoria presidencial en mayo de 2028.<\/p>\n<p data-start=\"703\" data-end=\"1001\">\u201cLo que se respira hoy aqu\u00ed es la antesala del gran triunfo electoral que se va a producir en mayo de 2028. Eso ya se percibe, se siente, usted ve el entusiasmo porque han venido a votar los miembros de la direcci\u00f3n central\u201d, declar\u00f3 Fern\u00e1ndez a los medios de comunicaci\u00f3n tras depositar su voto.<\/p>\n<p data-start=\"1003\" data-end=\"1312\">El expresidente resalt\u00f3 el alto nivel de participaci\u00f3n de los militantes, indicando que antes del mediod\u00eda ya m\u00e1s del 50% de los habilitados para votar hab\u00edan acudido a las urnas. Seg\u00fan datos ofrecidos, un total de 2,041 personas fueron convocadas para elegir a los nuevos miembros de la Direcci\u00f3n Pol\u00edtica.<\/p>\n<p data-start=\"1314\" data-end=\"1608\">El proceso, que inici\u00f3 a las 9:00 de la ma\u00f1ana y concluy\u00f3 a las 4:00 de la tarde, tuvo como objetivo escoger a 10 nuevos miembros de la Direcci\u00f3n Pol\u00edtica, sumados a tres ex officio y 60 ratificados, lo que eleva a 73 el n\u00famero total de integrantes de este m\u00e1ximo \u00f3rgano de decisi\u00f3n de la FP.<\/p>\n<p data-start=\"1610\" data-end=\"1964\">Rafael Castillo, vocero de los diputados de la organizaci\u00f3n, explic\u00f3 que tras la elecci\u00f3n se proceder\u00e1 a la juramentaci\u00f3n de las nuevas autoridades, entre ellas Leonel Fern\u00e1ndez como presidente, Radham\u00e9s Jim\u00e9nez como vicepresidente y Antonio Flori\u00e1n (Pe\u00f1ita) como secretario general, quienes realizaron inscripciones \u00fanicas para sus respectivos cargos.<\/p>\n<p data-start=\"1966\" data-end=\"2236\">La dirigencia de Fuerza del Pueblo destac\u00f3 que este proceso interno fortalece la democracia partidaria y consolida la estructura organizativa de cara a los pr\u00f3ximos comicios, en los que el partido opositor aspira a convertirse en la principal fuerza pol\u00edtica del pa\u00eds.<\/p>\n<p>&nbsp;<\/p>\n","protected":false},"excerpt":{"rendered":"<p>Santo Domingo.\u2013 \u00a0Con un ambiente cargado de entusiasmo y expectativas, el partido Fuerza del Pueblo&#8230;<\/p>\n","protected":false},"author":3,"featured_media":842,"comment_status":"open","ping_status":"open","sticky":false,"template":"","format":"standard","meta":{"footnotes":""},"categories":[2],"tags":[],"class_list":["post-841","post","type-post","status-publish","format-standard","has-post-thumbnail","hentry","category-nacionales"],"_links":{"self":[{"href":"https:\/\/elviajero.com.do\/index.php\/wp-json\/wp\/v2\/posts\/841","targetHints":{"allow":["GET"]}}],"collection":[{"href":"https:\/\/elviajero.com.do\/index.php\/wp-json\/wp\/v2\/posts"}],"about":[{"href":"https:\/\/elviajero.com.do\/index.php\/wp-json\/wp\/v2\/types\/post"}],"author":[{"embeddable":true,"href":"https:\/\/elviajero.com.do\/index.php\/wp-json\/wp\/v2\/users\/3"}],"replies":[{"embeddable":true,"href":"https:\/\/elviajero.com.do\/index.php\/wp-json\/wp\/v2\/comments?post=841"}],"version-history":[{"count":1,"href":"https:\/\/elviajero.com.do\/index.php\/wp-json\/wp\/v2\/posts\/841\/revisions"}],"predecessor-version":[{"id":843,"href":"https:\/\/elviajero.com.do\/index.php\/wp-json\/wp\/v2\/posts\/841\/revisions\/843"}],"wp:featuredmedia":[{"embeddable":true,"href":"https:\/\/elviajero.com.do\/index.php\/wp-json\/wp\/v2\/media\/842"}],"wp:attachment":[{"href":"https:\/\/elviajero.com.do\/index.php\/wp-json\/wp\/v2\/media?parent=841"}],"wp:term":[{"taxonomy":"category","embeddable":true,"href":"https:\/\/elviajero.com.do\/index.php\/wp-json\/wp\/v2\/categories?post=841"},{"taxonomy":"post_tag","embeddable":true,"href":"https:\/\/elviajero.com.do\/index.php\/wp-json\/wp\/v2\/tags?post=841"}],"curies":[{"name":"wp","href":"https:\/\/api.w.org\/{rel}","templated":true}]}}